{"id":197520,"date":"2023-01-30T07:20:22","date_gmt":"2023-01-30T12:20:22","guid":{"rendered":"https:\/\/malamboradio.com\/web\/?p=197520"},"modified":"2023-01-30T07:20:25","modified_gmt":"2023-01-30T12:20:25","slug":"regresan-a-los-planteles-oficiales-de-barranquilla-209-000-estudiantes","status":"publish","type":"post","link":"https:\/\/malamboradio.com\/web\/2023\/01\/30\/regresan-a-los-planteles-oficiales-de-barranquilla-209-000-estudiantes\/","title":{"rendered":"REGRESAN A LOS PLANTELES OFICIALES DE BARRANQUILLA  209.000 ESTUDIANTES."},"content":{"rendered":"\n<p class=\"has-text-align-justify\">Este lunes, regresa el bullicio y la alegria de volver a clases en 154 instituciones educativas oficiales y escuelas contratadas para el servicio educativo.<\/p>\n\n\n\n<p class=\"has-text-align-justify\">Las aulas volver\u00e1n a llenarse de estudiantes y docentes este lunes 30 de enero cuando Barranquilla abrir\u00e1 las puertas de las instituciones educativas oficiales para el calendario escolar de este 2.023.<\/p>\n\n\n\n<p class=\"has-text-align-justify\">Para esta vigencia, la Administraci\u00f3n Distrital proyecta un incremento de matr\u00edcula a m\u00e1s de 213.000 estudiantes en los colegios, incluyendo matr\u00edcula del sector oficial y contrataci\u00f3n del servicio educativo por parte del Distrito, dando continuidad a los procesos de formaci\u00f3n.<\/p>\n\n\n\n<p class=\"has-text-align-justify\">Para el alcalde Jaime Pumarejo la educaci\u00f3n \u201ces la mejor inversi\u00f3n que podemos dejarle a nuestros ni\u00f1os. Tenemos mucha esperanza en que este ser\u00e1 el a\u00f1o de consolidar grandes proyectos como la culminaci\u00f3n de obras significativas para mejorar el entorno escolar, la implementaci\u00f3n del biling\u00fcismo en todos los colegios oficiales, m\u00e1s seguridad alimentaria que brinda bienestar, entre otras apuestas\u201d.<\/p>\n\n\n\n<p class=\"has-text-align-justify\">Desde el segundo semestre del a\u00f1o 2022 se dio inicio al proceso de matr\u00edcula en los colegios oficiales, a trav\u00e9s de las diferentes etapas: inscripciones para transici\u00f3n, estudiantes nuevos, promoci\u00f3n y reprobaci\u00f3n de estudiantes antiguos, para dar paso a la renovaci\u00f3n de matr\u00edcula de los estudiantes.<\/p>\n\n\n\n<p class=\"has-text-align-justify\">Actualmente, el reporte se encuentra en los 209.000 estudiantes, cifra que incrementar\u00e1 para alcanzar la cobertura proyectada, a medida que retomen las actividades del calendario acad\u00e9mico 2023. Los padres de familia y\/o acudientes que a\u00fan est\u00e9n en la b\u00fasqueda, podr\u00e1n realizar la solicitud de cupo de manera formal, de acuerdo a la disponibilidad y oferta de cada instituci\u00f3n.<\/p>\n\n\n\n<p class=\"has-text-align-justify\">Con el regreso a clases se dar\u00e1 continuidad a todas las estrategias y programas de acceso y permanencia, que incluyen el fortalecimiento del Programa de Alimentaci\u00f3n Escolar, que permite brindar raciones diarias a 135.000 ni\u00f1os y j\u00f3venes focalizados de las 154 IED; as\u00ed como la implementaci\u00f3n de la estrategia de Transporte Escolar, con las rutas establecidas en las instituciones focalizadas seg\u00fan los criterios y necesidades identificadas.<\/p>\n\n\n\n<p class=\"has-text-align-justify\">El inicio de las actividades acad\u00e9micas en este 2023 tambi\u00e9n vendr\u00e1 acompa\u00f1ado de la materializaci\u00f3n del plan de biling\u00fcismo en todos los colegios oficiales, el fortalecimiento de las competencias b\u00e1sicas y habilidades de los ni\u00f1os y j\u00f3venes, con el programa de lectura y escritura \u2018Entre Libros\u2019, la doble titulaci\u00f3n, las estrategias de convivencia escolar y acompa\u00f1amiento socio emocional.<\/p>\n\n\n\n<p class=\"has-text-align-justify\">Adem\u00e1s, este 2023 se dar\u00e1 la consolidaci\u00f3n de grandes logros y resultados, como la graduaci\u00f3n de 425 maestros de especializaciones y maestr\u00edas, de las 980 becas de postgrado otorgadas por el Distrito durante este gobierno. As\u00ed mismo, a trav\u00e9s de \u2018Universidad al Barrio\u2019, este a\u00f1o 4.000 j\u00f3venes que se convertir\u00e1n en la segunda promoci\u00f3n que grad\u00faa el programa de la administraci\u00f3n actual, de la cifra hist\u00f3rica de 5.500 becas otorgadas.<\/p>\n\n\n\n<p class=\"has-text-align-justify\">Para 2023, la renovada Instituci\u00f3n Universitaria de Barranquilla (IUB), estrenar\u00e1 sede y ampliar\u00e1 cupos, abriendo sus puertas para que 1.000 j\u00f3venes m\u00e1s accedan a educaci\u00f3n superior de calidad. Infraestructura educativa<\/p>\n\n\n\n<p class=\"has-text-align-justify\">En cuanto a la infraestructura educativa, la Alcald\u00eda distrital ha seguido dando continuidad a los proyectos y obras que se adelantan desde el a\u00f1o 2022, que incluyen ampliaciones en instituciones, mejoramientos integrales, y proyectos de optimizaci\u00f3n e intervenciones mayores.<\/p>\n\n\n\n<p class=\"has-text-align-justify\">Para este a\u00f1o la ciudad contempla la finalizaci\u00f3n y entrega de m\u00e1s de 20 proyectos de infraestructura educativa para el disfrute de la comunidad, incluyendo la inauguraci\u00f3n del megacolegio Nuevo Bosque, en alianza con la Fundaci\u00f3n Pies Descalzos, y los proyectos de ampliaci\u00f3n de las IED La Humboldt, Isaac Newton y La Uni\u00f3n. De igual manera, se proyecta una inversi\u00f3n adicional de 30.000 millones de pesos con recursos propios, para la implementaci\u00f3n de 20 obras de infraestructura, incluyendo ampliaciones, mejoramientos integrales, y adecuaciones para atenci\u00f3n de emergencias en algunas sedes educativas.<\/p>\n\n\n\n<p class=\"has-text-align-justify\">Es importante tener en cuenta que el cierre prolongado de las escuelas por casi 2 a\u00f1os y la reciente ola invernal, han producido fuertes afectaciones en las sedes educativas, resultando en m\u00e1s de 100 aulas afectadas en 70 instituciones. El alcalde Jaime Pumarejo precis\u00f3 que los colegios necesitan, de manera inmediata, intervenciones y mejoras tras las afectaciones por cuenta del invierno; por lo que asegur\u00f3 que se ha solicitado apoyo al Gobierno nacional para la destinaci\u00f3n de los recursos a los rectores para el manejo de esta emergencia.<\/p>\n\n\n\n<p class=\"has-text-align-justify\">El mandatario tambi\u00e9n resalt\u00f3 que el Distrito ha realizado grandes esfuerzos, gestiones e inversiones adicionales en los \u00faltimos a\u00f1os, que han permitido la intervenci\u00f3n de m\u00e1s de 40 instituciones educativas; y dentro de las inversiones de este 2023 en infraestructura educativa se ha destinado un porcentaje para la adecuaci\u00f3n de aulas y espacios afectados, pero se requiere el apoyo y la cofinanciaci\u00f3n del Gobierno nacional.<\/p>\n\n\n\n<p class=\"has-text-align-justify\">\u201cEl Distrito Barranquilla ha destinado 30.000 millones de pesos para un fondo para la recuperaci\u00f3n de aulas escolares, para que los estudiantes puedan entrar a clases, pero necesitamos ayuda, no lo podemos hacer solos, y hemos destinado m\u00e1s de 72.000 millones de pesos para el mejoramiento de infraestructura escolar, por lo que necesitamos una mano del Gobierno nacional\u201d, asever\u00f3 Pumarejo Heins.<\/p>\n\n\n\n<p class=\"has-text-align-justify\">Por lo pronto, desde la Secretar\u00eda de Educaci\u00f3n se ha preparado un plan de acci\u00f3n con soluciones temporales, articulando los procesos de calidad, planeaci\u00f3n e infraestructura, para el inicio de las actividades acad\u00e9micas de manera presencial, en la mayor\u00eda de las instituciones educativas de la ciudad, y de manera gradual con ajustes en los calendarios, en las sedes m\u00e1s afectadas. Lo anterior, prevaleciendo siempre la integridad y bienestar de la comunidad educativa.<\/p>\n","protected":false},"excerpt":{"rendered":"<p>Este lunes, regresa el bullicio y la alegria de volver a clases en 154 instituciones educativas oficiales y escuelas contratadas para el servicio educativo. Las aulas volver\u00e1n a llenarse de estudiantes y docentes este lunes 30 de enero cuando Barranquilla abrir\u00e1 las puertas de las instituciones educativas oficiales para el calendario escolar de este 2.023&#8230;.<\/p>\n","protected":false},"author":1,"featured_media":197521,"comment_status":"closed","ping_status":"closed","sticky":false,"template":"","format":"standard","meta":[],"categories":[80,88,56],"tags":[],"jetpack_sharing_enabled":true,"jetpack_featured_media_url":"https:\/\/malamboradio.com\/web\/wp-content\/uploads\/2023\/01\/estudiantes_PAINT.jpg","_links":{"self":[{"href":"https:\/\/malamboradio.com\/web\/wp-json\/wp\/v2\/posts\/197520"}],"collection":[{"href":"https:\/\/malamboradio.com\/web\/wp-json\/wp\/v2\/posts"}],"about":[{"href":"https:\/\/malamboradio.com\/web\/wp-json\/wp\/v2\/types\/post"}],"author":[{"embeddable":true,"href":"https:\/\/malamboradio.com\/web\/wp-json\/wp\/v2\/users\/1"}],"replies":[{"embeddable":true,"href":"https:\/\/malamboradio.com\/web\/wp-json\/wp\/v2\/comments?post=197520"}],"version-history":[{"count":1,"href":"https:\/\/malamboradio.com\/web\/wp-json\/wp\/v2\/posts\/197520\/revisions"}],"predecessor-version":[{"id":197522,"href":"https:\/\/malamboradio.com\/web\/wp-json\/wp\/v2\/posts\/197520\/revisions\/197522"}],"wp:featuredmedia":[{"embeddable":true,"href":"https:\/\/malamboradio.com\/web\/wp-json\/wp\/v2\/media\/197521"}],"wp:attachment":[{"href":"https:\/\/malamboradio.com\/web\/wp-json\/wp\/v2\/media?parent=197520"}],"wp:term":[{"taxonomy":"category","embeddable":true,"href":"https:\/\/malamboradio.com\/web\/wp-json\/wp\/v2\/categories?post=197520"},{"taxonomy":"post_tag","embeddable":true,"href":"https:\/\/malamboradio.com\/web\/wp-json\/wp\/v2\/tags?post=197520"}],"curies":[{"name":"wp","href":"https:\/\/api.w.org\/{rel}","templated":true}]}}