{"id":197057,"date":"2023-01-24T18:51:43","date_gmt":"2023-01-24T23:51:43","guid":{"rendered":"https:\/\/malamboradio.com\/web\/?p=197057"},"modified":"2023-01-24T18:57:29","modified_gmt":"2023-01-24T23:57:29","slug":"empresarios-y-gremios-presentan-sus-propuestas-ante-reforma-laboral","status":"publish","type":"post","link":"https:\/\/malamboradio.com\/web\/2023\/01\/24\/empresarios-y-gremios-presentan-sus-propuestas-ante-reforma-laboral\/","title":{"rendered":"EMPRESARIOS Y GREMIOS PRESENTAN SUS PROPUESTAS ANTE REFORMA LABORAL."},"content":{"rendered":"\n<p>Empresarios y agrupaciones sindicales presentaron ante la mesa tripartita las propuestas que consideran deben hacer parte de la construcci\u00f3n de esta reforma.<\/p>\n\n\n\n<p class=\"has-text-align-justify\">En la segunda subcomisi\u00f3n de la reforma laboral, presidida por la ministra de Trabajo, Gloria Ram\u00edrez, empresarios y agrupaciones sindicales presentaron ante la mesa tripartita las propuestas que consideran deben hacer parte de la construcci\u00f3n de dicha reforma. Lea: Los 18 temas claves de la reforma laboral que propone el Gobierno Petro<\/p>\n\n\n\n<p class=\"has-text-align-justify\">Entre las propuestas aportadas por la Asociaci\u00f3n Colombiana de las Micro, Peque\u00f1as y Medianas Empresas (Acopi), Asociaci\u00f3n Nacional de Industriales (Andi) y la Federaci\u00f3n Nacional de Comerciantes (Fenalco) se plantearon los lineamientos para generar empleo de calidad y formal, con el fortalecimiento de empresas m\u00e1s sostenibles y formales como lo plantea la Organizaci\u00f3n Internacional del Trabajo (OIT).<\/p>\n\n\n\n<p class=\"has-text-align-justify\">Otro de los puntos a tratar est\u00e1 relacionado con la informalidad la cual est\u00e1 representada en m\u00e1s del 58% a nivel nacional, para el sector empresarial es fundamental tener este porcentaje en cuenta para que se incluyan aspectos importantes.<br>C\u00f3mo proveer un mercado laboral m\u00e1s incluyente a trav\u00e9s de las nuevas generaciones siempre y cuando est\u00e9n dentro del mercado formal, la protecci\u00f3n a los trabajadores de las plataformas digitales como prestadores de servicios independientes y por \u00faltimo analizar la figura de teletrabajo, entre otros.<\/p>\n\n\n\n<p class=\"has-text-align-justify\">Por su parte la jefe de la cartera laboral, Gloria Ram\u00edrez \u201cLo que m\u00e1s deseamos es que sean las propuestas m\u00e1s indicadas para que nos quede un articulado de una reforma la m\u00e1s conveniente para el pa\u00eds y llevarla a la Comisi\u00f3n Permanente de Concertaci\u00f3n de Pol\u00edticas Salariales y Laborales y luego radicar en el Congreso de la Rep\u00fablica\u201d. Lea: Mintrabajo habla sobre cambios en recargos nocturnos y horas extras<\/p>\n\n\n\n<p class=\"has-text-align-justify\">En esa misma l\u00ednea, en esta mesa tripartita las agremiaciones sindicales sus propuestas constan de 49 art\u00edculos que formar\u00e1n parte de los insumos para construir la reforma laboral, entre estos solucionar la informalidad, cumplimiento de las normas laborales, garant\u00edas para el empleo y fortalecimiento del r\u00e9gimen sindical, entre otros.<\/p>\n\n\n\n<p class=\"has-text-align-justify\">Para este jueves 26 de enero se prev\u00e9 otro encuentro para abordar temas de negociaci\u00f3n colectiva, garant\u00edas sindicales y derechos humanos y laborales dentro de los est\u00e1ndares internacionales.<\/p>\n\n\n\n<p class=\"has-text-align-justify\">La pr\u00f3xima semana se cerrar\u00e1n las propuestas, posterior a esto se continuar\u00e1 con la construcci\u00f3n del articulado el cual ser\u00e1 presentado a la Comisi\u00f3n Permanente de Concertaci\u00f3n de Pol\u00edticas Salariales y Laborales y luego al Congreso de la Rep\u00fablica.<\/p>\n","protected":false},"excerpt":{"rendered":"<p>Empresarios y agrupaciones sindicales presentaron ante la mesa tripartita las propuestas que consideran deben hacer parte de la construcci\u00f3n de esta reforma. En la segunda subcomisi\u00f3n de la reforma laboral, presidida por la ministra de Trabajo, Gloria Ram\u00edrez, empresarios y agrupaciones sindicales presentaron ante la mesa tripartita las propuestas que consideran deben hacer parte de&#8230;<\/p>\n","protected":false},"author":1,"featured_media":197058,"comment_status":"closed","ping_status":"closed","sticky":false,"template":"","format":"standard","meta":[],"categories":[78,1,56],"tags":[],"jetpack_sharing_enabled":true,"jetpack_featured_media_url":"https:\/\/malamboradio.com\/web\/wp-content\/uploads\/2023\/01\/gloria-ramirez_PAINT.jpg","_links":{"self":[{"href":"https:\/\/malamboradio.com\/web\/wp-json\/wp\/v2\/posts\/197057"}],"collection":[{"href":"https:\/\/malamboradio.com\/web\/wp-json\/wp\/v2\/posts"}],"about":[{"href":"https:\/\/malamboradio.com\/web\/wp-json\/wp\/v2\/types\/post"}],"author":[{"embeddable":true,"href":"https:\/\/malamboradio.com\/web\/wp-json\/wp\/v2\/users\/1"}],"replies":[{"embeddable":true,"href":"https:\/\/malamboradio.com\/web\/wp-json\/wp\/v2\/comments?post=197057"}],"version-history":[{"count":1,"href":"https:\/\/malamboradio.com\/web\/wp-json\/wp\/v2\/posts\/197057\/revisions"}],"predecessor-version":[{"id":197059,"href":"https:\/\/malamboradio.com\/web\/wp-json\/wp\/v2\/posts\/197057\/revisions\/197059"}],"wp:featuredmedia":[{"embeddable":true,"href":"https:\/\/malamboradio.com\/web\/wp-json\/wp\/v2\/media\/197058"}],"wp:attachment":[{"href":"https:\/\/malamboradio.com\/web\/wp-json\/wp\/v2\/media?parent=197057"}],"wp:term":[{"taxonomy":"category","embeddable":true,"href":"https:\/\/malamboradio.com\/web\/wp-json\/wp\/v2\/categories?post=197057"},{"taxonomy":"post_tag","embeddable":true,"href":"https:\/\/malamboradio.com\/web\/wp-json\/wp\/v2\/tags?post=197057"}],"curies":[{"name":"wp","href":"https:\/\/api.w.org\/{rel}","templated":true}]}}