{"id":196900,"date":"2023-01-21T19:21:58","date_gmt":"2023-01-22T00:21:58","guid":{"rendered":"https:\/\/malamboradio.com\/web\/?p=196900"},"modified":"2023-01-21T19:27:58","modified_gmt":"2023-01-22T00:27:58","slug":"aciones-juridicas-contra-ayda-merlano-anuncia-fuad-char-abdala","status":"publish","type":"post","link":"https:\/\/malamboradio.com\/web\/2023\/01\/21\/aciones-juridicas-contra-ayda-merlano-anuncia-fuad-char-abdala\/","title":{"rendered":"ACCIONES JURIDICAS CONTRA AYDA MERLANO ANUNCIA FUAD CHAR ABDALA."},"content":{"rendered":"\n<p class=\"has-text-align-justify\">El empresario Fuad Char Abdala anunci\u00f3 que su familia emprender\u00e1 acciones jur\u00eddicas en contra de la excongresista Aida Merlano Rebolledo, luego de las afirmaciones de esta sobre un presunto entramado de corrupci\u00f3n electoral.<\/p>\n\n\n\n<p class=\"has-text-align-justify\">\u201cComo familia, estamos dispuestos a agotar todas las instancias jur\u00eddicas para desenmascarar todo este entramado de mentiras que la se\u00f1ora ha declarado en contra nuestra\u201d, se\u00f1al\u00f3 el empresario.<\/p>\n\n\n\n<p class=\"has-text-align-justify\">De acuerdo con Char Abdala, a lo largo del proceso Merlano Rebolledo ha presentado \u201cversiones contradictorias e incoherentes. Llama la atenci\u00f3n que todo lo dicho en los medios de comunicaci\u00f3n y la justicia carezca de pruebas\u201d, precis\u00f3.<\/p>\n\n\n\n<p class=\"has-text-align-justify\">As\u00ed mismo, detall\u00f3: \u201cpor m\u00e1s de 30 a\u00f1os de ejercicio p\u00fablico, nuestra familia siempre ha votado por nuestros candidatos afines. Somos un grupo pol\u00edtico distinto e independiente con una base s\u00f3lida construida desde hace d\u00e9cadas que lo ha caracterizado por trabajar con programas sociales en beneficio de la gente, con resultados contundentes de transformaci\u00f3n y mejoramiento\u201d, detall\u00f3.<\/p>\n\n\n\n<p class=\"has-text-align-justify\">\u201cLa se\u00f1ora condenada, pr\u00f3fuga de la justicia y sin pruebas, pretende buscar beneficios legales y favorecimiento intentando desprestigiar a nuestra familia de la mano de adversarios con intereses pol\u00edticos cuyos nombres todos conocen\u201d, puntualiz\u00f3.<\/p>\n","protected":false},"excerpt":{"rendered":"<p>El empresario Fuad Char Abdala anunci\u00f3 que su familia emprender\u00e1 acciones jur\u00eddicas en contra de la excongresista Aida Merlano Rebolledo, luego de las afirmaciones de esta sobre un presunto entramado de corrupci\u00f3n electoral. \u201cComo familia, estamos dispuestos a agotar todas las instancias jur\u00eddicas para desenmascarar todo este entramado de mentiras que la se\u00f1ora ha declarado&#8230;<\/p>\n","protected":false},"author":1,"featured_media":196901,"comment_status":"closed","ping_status":"closed","sticky":false,"template":"","format":"standard","meta":[],"categories":[80,56,91],"tags":[],"jetpack_sharing_enabled":true,"jetpack_featured_media_url":"https:\/\/malamboradio.com\/web\/wp-content\/uploads\/2023\/01\/fuadchar-EN-PAINT.jpg","_links":{"self":[{"href":"https:\/\/malamboradio.com\/web\/wp-json\/wp\/v2\/posts\/196900"}],"collection":[{"href":"https:\/\/malamboradio.com\/web\/wp-json\/wp\/v2\/posts"}],"about":[{"href":"https:\/\/malamboradio.com\/web\/wp-json\/wp\/v2\/types\/post"}],"author":[{"embeddable":true,"href":"https:\/\/malamboradio.com\/web\/wp-json\/wp\/v2\/users\/1"}],"replies":[{"embeddable":true,"href":"https:\/\/malamboradio.com\/web\/wp-json\/wp\/v2\/comments?post=196900"}],"version-history":[{"count":2,"href":"https:\/\/malamboradio.com\/web\/wp-json\/wp\/v2\/posts\/196900\/revisions"}],"predecessor-version":[{"id":196906,"href":"https:\/\/malamboradio.com\/web\/wp-json\/wp\/v2\/posts\/196900\/revisions\/196906"}],"wp:featuredmedia":[{"embeddable":true,"href":"https:\/\/malamboradio.com\/web\/wp-json\/wp\/v2\/media\/196901"}],"wp:attachment":[{"href":"https:\/\/malamboradio.com\/web\/wp-json\/wp\/v2\/media?parent=196900"}],"wp:term":[{"taxonomy":"category","embeddable":true,"href":"https:\/\/malamboradio.com\/web\/wp-json\/wp\/v2\/categories?post=196900"},{"taxonomy":"post_tag","embeddable":true,"href":"https:\/\/malamboradio.com\/web\/wp-json\/wp\/v2\/tags?post=196900"}],"curies":[{"name":"wp","href":"https:\/\/api.w.org\/{rel}","templated":true}]}}