{"id":196895,"date":"2023-01-21T19:04:09","date_gmt":"2023-01-22T00:04:09","guid":{"rendered":"https:\/\/malamboradio.com\/web\/?p=196895"},"modified":"2023-01-21T19:04:12","modified_gmt":"2023-01-22T00:04:12","slug":"para-el-reinado-popular-del-carnaval-de-barranquilla-se-incribieron-34-candidatas","status":"publish","type":"post","link":"https:\/\/malamboradio.com\/web\/2023\/01\/21\/para-el-reinado-popular-del-carnaval-de-barranquilla-se-incribieron-34-candidatas\/","title":{"rendered":"PARA EL REINADO POPULAR DEL CARNAVAL DE BARRANQUILLA SE INCRIBIERON 34 CANDIDATAS."},"content":{"rendered":"\n<p><\/p>\n\n\n\n<p>La Plaza de la Paz ser\u00e1 el escenario para la  Elecci\u00f3n y Coronaci\u00f3n de la Reina Popular 2023  el s\u00e1bado 11 de febrero.<\/p>\n\n\n\n<p class=\"has-text-align-justify\">El Reinado Popular 2023 inici\u00f3 con la inscripci\u00f3n de 34 jovencitas representantes de los barrios m\u00e1s populares de la ciudad, quienes ser\u00e1n las encargadas de llevar la alegr\u00eda y las celebraciones del Carnaval de Barranquilla a todos los sectores del Distrito.<\/p>\n\n\n\n<p class=\"has-text-align-justify\">Una de las novedades del Reinado Popular 2023, es la vinculaci\u00f3n de la marca \u00cdsimo como patrocinador oficial y la llegada al Carnaval por primera vez del barrio Villa Santos con una representante llena de alegr\u00eda y mucho entusiasmo para poner a bailar a todos sus vecinos durante la fiesta. Seg\u00fan la oficina de prensa de Carnaval de Barranquilla SAS, en esta ocasi\u00f3n se inscribieron representantes de los barrios, El Pueblo, La Manga, El Bosque, Villa San Carlos, Gerlein y Villate, La Playa, Las Malvinas, Carrizal, Siete de Abril, Ciudadela 20 de Julio, San Pachito, El Bosque, El Silencio, Las Flores, La Paz, San Elena, Santa Mar\u00eda, San Jos\u00e9, Santuario, Rebolo, Las Nieves, La Sierrita, El Campito, El Por Fin, Montes y Villa San Pedro.<\/p>\n\n\n\n<p class=\"has-text-align-justify\">Las aspirantes a Reina Popular 2023 son carnavaleras integrantes de grupos folcl\u00f3ricos de tradici\u00f3n, de instituciones educativas como la Universidad del Atl\u00e1ntico, Uniaut\u00f3noma, de la Costa, Formar, Corporaci\u00f3n Universitaria Americana, entre otras. Adem\u00e1s, la Escuela Distrital de Arte y escuelas de danza de la ciudad. De sus profesiones hacen parte Comunicadoras Sociales, Administradoras de Empresas, abogadas en formaci\u00f3n, Auxiliar de Enfermer\u00eda, entre otras.<\/p>\n\n\n\n<p class=\"has-text-align-justify\">Las reinas populares presidir\u00e1n junto a la Reina del Carnaval, Natalia de Castro; el Rey Momo, Sebasti\u00e1n Guzm\u00e1n; y los Reyes del Carnaval de los Ni\u00f1os, Tahiana Renter\u00eda y Diego Andr\u00e9s Chelia. La agenda del Carnaval 2023 tendr\u00e1 m\u00e1s de 27 grandes eventos que se realizar\u00e1n del 21 de enero al 21 de febrero.<\/p>\n\n\n\n<p class=\"has-text-align-justify\">Estas hermosas  jovencitas est\u00e1n apoyadas por sus vecinos y la Junta de Acci\u00f3n Comunal, con quienes trabajan de la mano para realizar diferentes actividades encaminadas a llevar la alegr\u00eda de la Fiesta en todos los rincones, fomentando espacios llenos de tradici\u00f3n para que en el Carnaval 2023, lo vivan como es.<\/p>\n\n\n\n<p class=\"has-text-align-justify\">El Reinado Popular 2023 cuenta con una gran agenda con eventos en diferentes sitios importantes de la ciudad, es as\u00ed como la Elecci\u00f3n y Coronaci\u00f3n de la sucesora de Mar\u00eda Jos\u00e9 De los R\u00edos, Reina Popular del 2022, ser\u00e1 el s\u00e1bado 11 de febrero en la Plaza de la Paz desde las 8:00 de la noche con un espect\u00e1culo que estar\u00e1 lleno de m\u00fasica, color y tradici\u00f3n.<\/p>\n\n\n\n<p class=\"has-text-align-justify\">Durante estos meses, las reinas populares han recibido capacitaciones entre ellas talleres en marca personal, fogueo period\u00edstico, inteligencia emocional, sobre la historia del Carnaval, manejo de redes sociales, protocolo y danza, entre otros.<\/p>\n\n\n\n<p class=\"has-text-align-justify\">El Reinado Popular es un programa que lidera Carnaval de Barranquilla S.A.S., que permite fortalecer y mantener la celebraci\u00f3n en los barrios a trav\u00e9s de sus participantes que promueven espacios festivos con la participaci\u00f3n de sus comunidades, realizando la celebraci\u00f3n de las fiestas tradicionales en los espacios p\u00fablicos.<\/p>\n\n\n\n<p class=\"has-text-align-justify\">Las 34 participantes al Reinado Popular, ser\u00e1n las principales embajadoras del Carnaval de Barranquilla 2023, que ser\u00e1 una gozadera total del 18 al 21 de febrero, \u00a1Ven y v\u00edvelo como es!<\/p>\n","protected":false},"excerpt":{"rendered":"<p>La Plaza de la Paz ser\u00e1 el escenario para la Elecci\u00f3n y Coronaci\u00f3n de la Reina Popular 2023 el s\u00e1bado 11 de febrero. El Reinado Popular 2023 inici\u00f3 con la inscripci\u00f3n de 34 jovencitas representantes de los barrios m\u00e1s populares de la ciudad, quienes ser\u00e1n las encargadas de llevar la alegr\u00eda y las celebraciones del&#8230;<\/p>\n","protected":false},"author":1,"featured_media":196896,"comment_status":"closed","ping_status":"closed","sticky":false,"template":"","format":"standard","meta":[],"categories":[97,80,56],"tags":[],"jetpack_sharing_enabled":true,"jetpack_featured_media_url":"https:\/\/malamboradio.com\/web\/wp-content\/uploads\/2023\/01\/Las-candiatas-populares-paint.jpg","_links":{"self":[{"href":"https:\/\/malamboradio.com\/web\/wp-json\/wp\/v2\/posts\/196895"}],"collection":[{"href":"https:\/\/malamboradio.com\/web\/wp-json\/wp\/v2\/posts"}],"about":[{"href":"https:\/\/malamboradio.com\/web\/wp-json\/wp\/v2\/types\/post"}],"author":[{"embeddable":true,"href":"https:\/\/malamboradio.com\/web\/wp-json\/wp\/v2\/users\/1"}],"replies":[{"embeddable":true,"href":"https:\/\/malamboradio.com\/web\/wp-json\/wp\/v2\/comments?post=196895"}],"version-history":[{"count":1,"href":"https:\/\/malamboradio.com\/web\/wp-json\/wp\/v2\/posts\/196895\/revisions"}],"predecessor-version":[{"id":196897,"href":"https:\/\/malamboradio.com\/web\/wp-json\/wp\/v2\/posts\/196895\/revisions\/196897"}],"wp:featuredmedia":[{"embeddable":true,"href":"https:\/\/malamboradio.com\/web\/wp-json\/wp\/v2\/media\/196896"}],"wp:attachment":[{"href":"https:\/\/malamboradio.com\/web\/wp-json\/wp\/v2\/media?parent=196895"}],"wp:term":[{"taxonomy":"category","embeddable":true,"href":"https:\/\/malamboradio.com\/web\/wp-json\/wp\/v2\/categories?post=196895"},{"taxonomy":"post_tag","embeddable":true,"href":"https:\/\/malamboradio.com\/web\/wp-json\/wp\/v2\/tags?post=196895"}],"curies":[{"name":"wp","href":"https:\/\/api.w.org\/{rel}","templated":true}]}}