{"id":196790,"date":"2023-01-19T18:38:36","date_gmt":"2023-01-19T23:38:36","guid":{"rendered":"https:\/\/malamboradio.com\/web\/?p=196790"},"modified":"2023-01-19T18:38:39","modified_gmt":"2023-01-19T23:38:39","slug":"ataque-sicarial-en-repelon-atlantico-deja-2-victimas-y-2-sicarios-abatidos-por-la-policia","status":"publish","type":"post","link":"https:\/\/malamboradio.com\/web\/2023\/01\/19\/ataque-sicarial-en-repelon-atlantico-deja-2-victimas-y-2-sicarios-abatidos-por-la-policia\/","title":{"rendered":"ATAQUE SICARIAL EN REPELON-ATLANTICO DEJA  2 VICTIMAS  Y 2  SICARIOS ABATIDOS POR LA POLICIA."},"content":{"rendered":"\n<p>El hecho se present\u00f3 el municipio de Repel\u00f3n, Atl\u00e1ntico. Una persona ten\u00eda antecedentes oficiales.<\/p>\n\n\n\n<p>Una balacera que se present\u00f3 en las horas del mediod\u00eda del 18 de enero en zona urbana del municipio de Repel\u00f3n, Atl\u00e1ntico, dej\u00f3 como resultado a cuatro personas muertas, entre ellas dos v\u00edctimas de sicariato y las otras dos por enfrentamiento con la Polic\u00eda Nacional.<\/p>\n\n\n\n<p class=\"has-text-align-justify\">Seg\u00fan las informaciones entregadas por las autoridades, una de las v\u00edctimas, estaba en una tienda del municipio cuando llegaron dos tipos en una motocicleta y uno de ellos le empez\u00f3 a disparar, pero las balas tambi\u00e9n dieron contra la humanidad de un joven estaban en el lugar. Quedando los muertos en el sitio.<\/p>\n\n\n\n<p class=\"has-text-align-justify\">Tras cometer el doble homicidio, los delincuentes salieron huyendo del lugar, pero m\u00e1s adelante se toparon con una patrulla del cuadrante de la Polic\u00eda y empezaron un intercambio de disparos en plena v\u00eda p\u00fablica.<\/p>\n\n\n\n<p class=\"has-text-align-justify\">Frente a estos hechos la Polic\u00eda Nacional inform\u00f3 este jueves que, en horas del mediod\u00eda del mi\u00e9rcoles 18 de enero, unidades de la Polic\u00eda Nacional se encontraban adelantando actividades propias del servicio en el barrio La Plaza del municipio de Repel\u00f3n y escucharon varias detonaciones de arma de fuego cerca al lugar donde ellos estaban y de manera inmediata se dirigen al sitio a verificar lo sucedido.<\/p>\n\n\n\n<p class=\"has-text-align-justify\">\u201cAl momento de llegar al lugar donde se escucharon los disparos, se encuentran de frente con dos personas que intentaron huir en una motocicleta, y desenfundan un arma de fuego y disparan en varias ocasiones contra los polic\u00edas que, en reacci\u00f3n oportuna, repelan el ataque y abaten a estas personas, incaut\u00e1ndole un arma de fuego de fabricaci\u00f3n industrial calibre 9 mil\u00edmetros y 1 proveedor para la misma y una motocicleta de placa AZK-73C\u201d, dice el informe.<\/p>\n\n\n\n<p class=\"has-text-align-justify\">Seg\u00fan el teniente coronel Jhon Jairo Urrea Rozo, comandante Departamento de Polic\u00eda Atl\u00e1ntico, los individuos abatidos \u201ceran los que, presuntamente, acababan de cometer el doble homicidio en la modalidad de sicariato, contra dos personas que se encontraban en una tienda del mencionado municipio, las cuales fueron identificadas como: Yoshep Samir Pallares Vesga, de 24 a\u00f1os de edad, y Norman Jos\u00e9 Maza \u00c1vila, de 55 a\u00f1os de edad; este \u00faltimo, ten\u00eda anotaciones judiciales por el delito de fabricaci\u00f3n, tr\u00e1fico o porte de armas de fuego o municiones\u201d.<\/p>\n\n\n\n<p class=\"has-text-align-justify\">Dijo anot\u00f3 que una de las personas abatida fue identificada como Manuel Antonio Ortiz Mej\u00eda, de 27 a\u00f1os de edad; pero la otra no ha podido ser identificada porque no se le encontraron documentos en su poder. Estaba indocumentada. No obstante, los m\u00f3viles del hecho son materia de investigaci\u00f3n por personal de la Sij\u00edn y Sipol que se encuentran en el lugar recopilando la informaci\u00f3n.<\/p>\n\n\n\n<p class=\"has-text-align-justify\">Sobre el hecho, este jueves se ha realizado un Consejo de Seguridad con la presencia del Secretario del Interior del Atl\u00e1ntico, Yesid Turbay y dem\u00e1s autoridades, donde se tocaron temas como la seguridad, no s\u00f3lo en el municipio de Repel\u00f3n, sino en los otros que se ubican en el sur del Departamento, donde la tasa de homicidios ha aumento en lo que va del a\u00f1o.<\/p>\n","protected":false},"excerpt":{"rendered":"<p>El hecho se present\u00f3 el municipio de Repel\u00f3n, Atl\u00e1ntico. Una persona ten\u00eda antecedentes oficiales. Una balacera que se present\u00f3 en las horas del mediod\u00eda del 18 de enero en zona urbana del municipio de Repel\u00f3n, Atl\u00e1ntico, dej\u00f3 como resultado a cuatro personas muertas, entre ellas dos v\u00edctimas de sicariato y las otras dos por enfrentamiento&#8230;<\/p>\n","protected":false},"author":1,"featured_media":196794,"comment_status":"closed","ping_status":"closed","sticky":false,"template":"","format":"standard","meta":[],"categories":[58,68,56],"tags":[],"jetpack_sharing_enabled":true,"jetpack_featured_media_url":"https:\/\/malamboradio.com\/web\/wp-content\/uploads\/2023\/01\/atentado-en-repelon-.png","_links":{"self":[{"href":"https:\/\/malamboradio.com\/web\/wp-json\/wp\/v2\/posts\/196790"}],"collection":[{"href":"https:\/\/malamboradio.com\/web\/wp-json\/wp\/v2\/posts"}],"about":[{"href":"https:\/\/malamboradio.com\/web\/wp-json\/wp\/v2\/types\/post"}],"author":[{"embeddable":true,"href":"https:\/\/malamboradio.com\/web\/wp-json\/wp\/v2\/users\/1"}],"replies":[{"embeddable":true,"href":"https:\/\/malamboradio.com\/web\/wp-json\/wp\/v2\/comments?post=196790"}],"version-history":[{"count":1,"href":"https:\/\/malamboradio.com\/web\/wp-json\/wp\/v2\/posts\/196790\/revisions"}],"predecessor-version":[{"id":196795,"href":"https:\/\/malamboradio.com\/web\/wp-json\/wp\/v2\/posts\/196790\/revisions\/196795"}],"wp:featuredmedia":[{"embeddable":true,"href":"https:\/\/malamboradio.com\/web\/wp-json\/wp\/v2\/media\/196794"}],"wp:attachment":[{"href":"https:\/\/malamboradio.com\/web\/wp-json\/wp\/v2\/media?parent=196790"}],"wp:term":[{"taxonomy":"category","embeddable":true,"href":"https:\/\/malamboradio.com\/web\/wp-json\/wp\/v2\/categories?post=196790"},{"taxonomy":"post_tag","embeddable":true,"href":"https:\/\/malamboradio.com\/web\/wp-json\/wp\/v2\/tags?post=196790"}],"curies":[{"name":"wp","href":"https:\/\/api.w.org\/{rel}","templated":true}]}}