{"id":196778,"date":"2023-01-19T17:42:38","date_gmt":"2023-01-19T22:42:38","guid":{"rendered":"https:\/\/malamboradio.com\/web\/?p=196778"},"modified":"2023-01-19T17:42:40","modified_gmt":"2023-01-19T22:42:40","slug":"principales-puntos-de-la-reforma-laboral-del-gobierno-de-g-petro","status":"publish","type":"post","link":"https:\/\/malamboradio.com\/web\/2023\/01\/19\/principales-puntos-de-la-reforma-laboral-del-gobierno-de-g-petro\/","title":{"rendered":"PRINCIPALES PUNTOS DE LA REFORMA LABORAL DEL GOBIERNO DE G. PETRO."},"content":{"rendered":"\n<p class=\"has-text-align-justify\">Tras las discusiones, el Ministerio del Trabajo radicar\u00e1 el proyecto ante el Congreso de la Rep\u00fablica el 16 de marzo<\/p>\n\n\n\n<p class=\"has-text-align-justify\">\u201cEntre los puntos que conforman la propuesta de la reforma se relacionan temas donde se destacan los principios laborales y constitucionales, estabilidad laboral, modalidades de contrataci\u00f3n, tercerizaci\u00f3n subcontrataci\u00f3n y unidad de empresa, control de uso de contrato de prestaci\u00f3n de servicios, contrato de aprendizaje, dominicales y festivos y jornada nocturna\u201d, explic\u00f3 la ministra de Trabajo, Gloria Ram\u00edrez.<\/p>\n\n\n\n<p class=\"has-text-align-justify\">El viceministro de Relaciones Laborales e Inspecci\u00f3n de Colombia, Edwin Palma, detall\u00f3 cu\u00e1les ser\u00e1n los temas que se debatir\u00e1n en la mesa de la subcomisi\u00f3n de la reforma laboral, que ya realiz\u00f3 su primera sesi\u00f3n y que intensificar\u00e1 el trabajo sesionando dos d\u00edas a la semana.<\/p>\n\n\n\n<p class=\"has-text-align-justify\">Entre los puntos claves se encuentran: Estabilidad laboral y modalidades de contratos, tercerizaci\u00f3n\/ subcontrataci\u00f3n, unidad de empresa, control al uso de contratos de prestaci\u00f3n de servicios, dominicales y festivos, jornada nocturna, automatizaci\u00f3n y descarbonizaci\u00f3n.<\/p>\n\n\n\n<p class=\"has-text-align-justify\">\u201cHicimos un balance de los insumos recibidos por distintos actores en 2022. Y dejamos para la discusi\u00f3n del tripartismo 18 temas que deber\u00e1n ser el centro de la reforma\u201d, escribi\u00f3 el funcionario a trav\u00e9s de sus redes sociales.<\/p>\n\n\n\n<p class=\"has-text-align-justify\">Con impuesto por valorizaci\u00f3n local se cubrir\u00eda precio congelado de peajes<br>Palma indic\u00f3 que se recibir\u00e1 hasta el pr\u00f3ximo martes las reacciones del empresariado, los sindicatos y de distintos sectores organizados. Lo recopilado comenzar\u00e1 a discutirse el 3 de febrero.<\/p>\n","protected":false},"excerpt":{"rendered":"<p>Tras las discusiones, el Ministerio del Trabajo radicar\u00e1 el proyecto ante el Congreso de la Rep\u00fablica el 16 de marzo \u201cEntre los puntos que conforman la propuesta de la reforma se relacionan temas donde se destacan los principios laborales y constitucionales, estabilidad laboral, modalidades de contrataci\u00f3n, tercerizaci\u00f3n subcontrataci\u00f3n y unidad de empresa, control de uso&#8230;<\/p>\n","protected":false},"author":1,"featured_media":196779,"comment_status":"closed","ping_status":"closed","sticky":false,"template":"","format":"standard","meta":[],"categories":[60,78,56],"tags":[],"jetpack_sharing_enabled":true,"jetpack_featured_media_url":"https:\/\/malamboradio.com\/web\/wp-content\/uploads\/2023\/01\/ministra-del-trabajo-PAINT.jpg","_links":{"self":[{"href":"https:\/\/malamboradio.com\/web\/wp-json\/wp\/v2\/posts\/196778"}],"collection":[{"href":"https:\/\/malamboradio.com\/web\/wp-json\/wp\/v2\/posts"}],"about":[{"href":"https:\/\/malamboradio.com\/web\/wp-json\/wp\/v2\/types\/post"}],"author":[{"embeddable":true,"href":"https:\/\/malamboradio.com\/web\/wp-json\/wp\/v2\/users\/1"}],"replies":[{"embeddable":true,"href":"https:\/\/malamboradio.com\/web\/wp-json\/wp\/v2\/comments?post=196778"}],"version-history":[{"count":1,"href":"https:\/\/malamboradio.com\/web\/wp-json\/wp\/v2\/posts\/196778\/revisions"}],"predecessor-version":[{"id":196780,"href":"https:\/\/malamboradio.com\/web\/wp-json\/wp\/v2\/posts\/196778\/revisions\/196780"}],"wp:featuredmedia":[{"embeddable":true,"href":"https:\/\/malamboradio.com\/web\/wp-json\/wp\/v2\/media\/196779"}],"wp:attachment":[{"href":"https:\/\/malamboradio.com\/web\/wp-json\/wp\/v2\/media?parent=196778"}],"wp:term":[{"taxonomy":"category","embeddable":true,"href":"https:\/\/malamboradio.com\/web\/wp-json\/wp\/v2\/categories?post=196778"},{"taxonomy":"post_tag","embeddable":true,"href":"https:\/\/malamboradio.com\/web\/wp-json\/wp\/v2\/tags?post=196778"}],"curies":[{"name":"wp","href":"https:\/\/api.w.org\/{rel}","templated":true}]}}