{"id":196771,"date":"2023-01-19T17:31:53","date_gmt":"2023-01-19T22:31:53","guid":{"rendered":"https:\/\/malamboradio.com\/web\/?p=196771"},"modified":"2023-01-19T17:31:55","modified_gmt":"2023-01-19T22:31:55","slug":"ayda-merlano-pide-al-gobierno-de-petro-que-la-solicite-en-extradicion","status":"publish","type":"post","link":"https:\/\/malamboradio.com\/web\/2023\/01\/19\/ayda-merlano-pide-al-gobierno-de-petro-que-la-solicite-en-extradicion\/","title":{"rendered":"AYDA MERLANO PIDE  AL  GOBIERNO DE  PETRO QUE LA SOLICITE EN EXTRADICI\u00d3N"},"content":{"rendered":"\n<p class=\"has-text-align-justify\">En medio de una audiencia judicial en contra del pol\u00edtico Julio Gerlein, por presuntos delitos electorales, la excongresista condenada, Aida Merlano, le pidi\u00f3 al presidente Gustavo Petro solicitar a Venezuela su extradici\u00f3n.<\/p>\n\n\n\n<p class=\"has-text-align-justify\">Al terminar una larga audiencia judicial en contra del pol\u00edtico y empresario barranquillero, Julio Gerlein, por presuntos delitos electorales, la excongresista condenada por corrupci\u00f3n al sufragante y por pasar los topes permitidos en campa\u00f1a, Aida Merlano, le pidi\u00f3 al presidente Gustavo Petro que solicite ante el gobierno de Nicol\u00e1s Maduro su extradici\u00f3n.<\/p>\n\n\n\n<p class=\"has-text-align-justify\">&#8220;Quiero solicitarle al presidente Gustavo Petro que solicite cuanto antes mi extradici\u00f3n a Colombia, ya que estoy presa en este pa\u00eds (Venezuela) donde no tengo claras las condiciones&#8221;, afirm\u00f3 la exsenadora quien durante m\u00e1s de seis horas declar\u00f3 en contra de las casas Gerlein y Char.<\/p>\n\n\n\n<p class=\"has-text-align-justify\">Aida Merlano est\u00e1 en una c\u00e1rcel de Venezuela desde hace m\u00e1s de tres a\u00f1os, luego de que se fugara de las autoridades colombianas en una cinematogr\u00e1fica fuga en un consultorio odontol\u00f3gico en el Norte de Bogot\u00e1.<\/p>\n\n\n\n<p class=\"has-text-align-justify\">Tras su escape, que se dio luego de su primera condena a 11 a\u00f1os de prisi\u00f3n por corrupci\u00f3n al sufragante, Merlano Rebolledo lleg\u00f3 hasta Valledupar para esconderse, seg\u00fan ella, con apoyo de los miembros de los clanes Char y Gerlein que tienen influencia en la costa Caribe.<\/p>\n\n\n\n<p class=\"has-text-align-justify\">Sin embargo, tras su llegada a Venezuela fue capturada y puesta a disposici\u00f3n de las autoridades de ese pa\u00eds. El entonces presidente Iv\u00e1n Duque pidi\u00f3 al gobierno interino de Juan Guaid\u00f3 su extradici\u00f3n, pero no fue posible.<\/p>\n\n\n\n<p class=\"has-text-align-justify\">Por eso ahora luego de que el gobierno de Gustavo Petro y Nicol\u00e1s Maduro retomaran di\u00e1logos, la pol\u00edtica condenada pide al presidente colombiano que solicite su extradici\u00f3n &#8220;lo m\u00e1s pronto posible&#8221;.<\/p>\n","protected":false},"excerpt":{"rendered":"<p>En medio de una audiencia judicial en contra del pol\u00edtico Julio Gerlein, por presuntos delitos electorales, la excongresista condenada, Aida Merlano, le pidi\u00f3 al presidente Gustavo Petro solicitar a Venezuela su extradici\u00f3n. Al terminar una larga audiencia judicial en contra del pol\u00edtico y empresario barranquillero, Julio Gerlein, por presuntos delitos electorales, la excongresista condenada por&#8230;<\/p>\n","protected":false},"author":1,"featured_media":196772,"comment_status":"closed","ping_status":"closed","sticky":false,"template":"","format":"standard","meta":[],"categories":[65,70,56],"tags":[],"jetpack_sharing_enabled":true,"jetpack_featured_media_url":"https:\/\/malamboradio.com\/web\/wp-content\/uploads\/2023\/01\/AYDA-MERLANO-PAINT.jpg","_links":{"self":[{"href":"https:\/\/malamboradio.com\/web\/wp-json\/wp\/v2\/posts\/196771"}],"collection":[{"href":"https:\/\/malamboradio.com\/web\/wp-json\/wp\/v2\/posts"}],"about":[{"href":"https:\/\/malamboradio.com\/web\/wp-json\/wp\/v2\/types\/post"}],"author":[{"embeddable":true,"href":"https:\/\/malamboradio.com\/web\/wp-json\/wp\/v2\/users\/1"}],"replies":[{"embeddable":true,"href":"https:\/\/malamboradio.com\/web\/wp-json\/wp\/v2\/comments?post=196771"}],"version-history":[{"count":1,"href":"https:\/\/malamboradio.com\/web\/wp-json\/wp\/v2\/posts\/196771\/revisions"}],"predecessor-version":[{"id":196773,"href":"https:\/\/malamboradio.com\/web\/wp-json\/wp\/v2\/posts\/196771\/revisions\/196773"}],"wp:featuredmedia":[{"embeddable":true,"href":"https:\/\/malamboradio.com\/web\/wp-json\/wp\/v2\/media\/196772"}],"wp:attachment":[{"href":"https:\/\/malamboradio.com\/web\/wp-json\/wp\/v2\/media?parent=196771"}],"wp:term":[{"taxonomy":"category","embeddable":true,"href":"https:\/\/malamboradio.com\/web\/wp-json\/wp\/v2\/categories?post=196771"},{"taxonomy":"post_tag","embeddable":true,"href":"https:\/\/malamboradio.com\/web\/wp-json\/wp\/v2\/tags?post=196771"}],"curies":[{"name":"wp","href":"https:\/\/api.w.org\/{rel}","templated":true}]}}