{"id":196668,"date":"2023-01-18T11:34:27","date_gmt":"2023-01-18T16:34:27","guid":{"rendered":"https:\/\/malamboradio.com\/web\/?p=196668"},"modified":"2023-01-18T11:35:59","modified_gmt":"2023-01-18T16:35:59","slug":"buscan-afanosamente-nina-desaparecida-en-sahagun","status":"publish","type":"post","link":"https:\/\/malamboradio.com\/web\/2023\/01\/18\/buscan-afanosamente-nina-desaparecida-en-sahagun\/","title":{"rendered":"BUSCAN AFANOSAMENTE NI\u00d1A DESAPARECIDA EN SAHAGUN-C\u00d3RDOBA."},"content":{"rendered":"\n<p>Valentina Cama\u00f1o Barrios fue vista por \u00faltima vez en una finca ubicada en zona rural de este municipio de C\u00f3rdoba. La Polic\u00eda intensific\u00f3 la b\u00fasqueda de una ni\u00f1a de tres a\u00f1os, que desapareci\u00f3 en zona rural del municipio de Sahag\u00fan. Se trata de Valentina Cama\u00f1o Barrios, quien reside en la vereda La Asamblea.<\/p>\n\n\n\n<p class=\"has-text-align-justify\">De acuerdo con informaci\u00f3n suministrada por las autoridades, desde el martes al mediod\u00eda no se conoce el paradero de la menor, pese a que las autoridades y sus familiares la han buscado por cada rinc\u00f3n del lugar. <\/p>\n\n\n\n<p class=\"has-text-align-justify\">Indicaron que en el momento de la desaparici\u00f3n vest\u00eda un traje color gris y pidieron a la comunidad que entregue informaci\u00f3n que permita encontrarla.<\/p>\n\n\n\n<p class=\"has-text-align-justify\">Por su parte, el alcalde de Sahag\u00fan, Jorge David Pastrana Sagre, indic\u00f3 que los organismos de socorro hab\u00edan intensificado las labores de b\u00fasqueda, especialmente en la zona contigua a la finca donde Valentina desapareci\u00f3.<\/p>\n\n\n\n<p class=\"has-text-align-justify\">Pidi\u00f3 reportar cualquier informaci\u00f3n importante al celular 3007944277 con el fin de conocer su paradero, pues hasta el momento los resultados han sido infructuosos.<\/p>\n\n\n\n<p>Nos solidarizamos con sus familiares  y propagamos esta noticia con el \u00fanico proposito de que alguien pueda identificarla&#8230;<\/p>\n","protected":false},"excerpt":{"rendered":"<p>Valentina Cama\u00f1o Barrios fue vista por \u00faltima vez en una finca ubicada en zona rural de este municipio de C\u00f3rdoba. La Polic\u00eda intensific\u00f3 la b\u00fasqueda de una ni\u00f1a de tres a\u00f1os, que desapareci\u00f3 en zona rural del municipio de Sahag\u00fan. Se trata de Valentina Cama\u00f1o Barrios, quien reside en la vereda La Asamblea. De acuerdo&#8230;<\/p>\n","protected":false},"author":1,"featured_media":196670,"comment_status":"closed","ping_status":"closed","sticky":false,"template":"","format":"standard","meta":[],"categories":[94,65,56],"tags":[],"jetpack_sharing_enabled":true,"jetpack_featured_media_url":"https:\/\/malamboradio.com\/web\/wp-content\/uploads\/2023\/01\/VALENTINA-paint.jpg","_links":{"self":[{"href":"https:\/\/malamboradio.com\/web\/wp-json\/wp\/v2\/posts\/196668"}],"collection":[{"href":"https:\/\/malamboradio.com\/web\/wp-json\/wp\/v2\/posts"}],"about":[{"href":"https:\/\/malamboradio.com\/web\/wp-json\/wp\/v2\/types\/post"}],"author":[{"embeddable":true,"href":"https:\/\/malamboradio.com\/web\/wp-json\/wp\/v2\/users\/1"}],"replies":[{"embeddable":true,"href":"https:\/\/malamboradio.com\/web\/wp-json\/wp\/v2\/comments?post=196668"}],"version-history":[{"count":3,"href":"https:\/\/malamboradio.com\/web\/wp-json\/wp\/v2\/posts\/196668\/revisions"}],"predecessor-version":[{"id":196674,"href":"https:\/\/malamboradio.com\/web\/wp-json\/wp\/v2\/posts\/196668\/revisions\/196674"}],"wp:featuredmedia":[{"embeddable":true,"href":"https:\/\/malamboradio.com\/web\/wp-json\/wp\/v2\/media\/196670"}],"wp:attachment":[{"href":"https:\/\/malamboradio.com\/web\/wp-json\/wp\/v2\/media?parent=196668"}],"wp:term":[{"taxonomy":"category","embeddable":true,"href":"https:\/\/malamboradio.com\/web\/wp-json\/wp\/v2\/categories?post=196668"},{"taxonomy":"post_tag","embeddable":true,"href":"https:\/\/malamboradio.com\/web\/wp-json\/wp\/v2\/tags?post=196668"}],"curies":[{"name":"wp","href":"https:\/\/api.w.org\/{rel}","templated":true}]}}