{"id":196650,"date":"2023-01-18T11:10:39","date_gmt":"2023-01-18T16:10:39","guid":{"rendered":"https:\/\/malamboradio.com\/web\/?p=196650"},"modified":"2023-01-18T11:10:42","modified_gmt":"2023-01-18T16:10:42","slug":"con-aprobacion-de-gestion-de-riesgos-sincelejo-hoy-inicia-su-fiesta-de-toros","status":"publish","type":"post","link":"https:\/\/malamboradio.com\/web\/2023\/01\/18\/con-aprobacion-de-gestion-de-riesgos-sincelejo-hoy-inicia-su-fiesta-de-toros\/","title":{"rendered":"CON APROBACION DE GESTION DE RIESGOS SINCELEJO HOY INICIA SU FIESTA DE TOROS."},"content":{"rendered":"\n<p>El espect\u00e1culo taurino inicia esta tarde y se espera la asistencia de miles de espectadores amantes de la fiesta brava.<\/p>\n\n\n\n<p class=\"has-text-align-justify\">Gesti\u00f3n del Riesgo departamental de Sucre inspeccion\u00f3 la estructura de la corraleja de Sincelejo, evento que se inicia este mi\u00e9rcoles, y dio el visto bueno en cuanto al cumplimiento de la normativa correspondiente.<\/p>\n\n\n\n<p class=\"has-text-align-justify\">\u201cCon el equipo t\u00e9cnico verificamos la estructura, puntos cr\u00edticos, puntos de emergencia. Pudimos evidenciar que la estructura se encuentra cumpliendo la normatividad\u201d, dijo Arnaldo Vergara Albis, coordinador de Gesti\u00f3n del Riesgo.<\/p>\n\n\n\n<p>Inform\u00f3 que se pudo constatar que hay material de madera nuevo y algunos detalles que se encontraron ser\u00e1n corregidos inmediatamente por el contratista del evento, teniendo en cuenta que la organizaci\u00f3n es de car\u00e1cter privado y no p\u00fablico.<\/p>\n\n\n\n<p class=\"has-text-align-justify\">\u201cEntregamos unas recomendaciones que los organizadores han acatado con mucho respeto\u201d, dijo el coordinador de Gesti\u00f3n del Riesgo.<\/p>\n\n\n\n<p class=\"has-text-align-justify\">Manifest\u00f3 que conjuntamente con Gesti\u00f3n del Riesgo Municipal de Sincelejo estar\u00e1 atento a que se cumplan todos los requerimientos y que los canales de comunicaci\u00f3n estar\u00e1n activos ante cualquier eventualidad que pueda presentarse.<\/p>\n\n\n\n<p>Esta tarde saldr\u00e1n al ruedo los primeros toros en las corralejas de Sincelejo.<br>Reiter\u00f3 a las personas que asistan a este espect\u00e1culo que lo vivan en paz, con moderaci\u00f3n en el consumo de licor y acatando las recomendaciones de las autoridades competentes.<\/p>\n\n\n\n<p>La capacidad maxima aprobada es de 7.000 espectadores&#8230;. Que Dios meta su mano&#8230;<\/p>\n","protected":false},"excerpt":{"rendered":"<p>El espect\u00e1culo taurino inicia esta tarde y se espera la asistencia de miles de espectadores amantes de la fiesta brava. Gesti\u00f3n del Riesgo departamental de Sucre inspeccion\u00f3 la estructura de la corraleja de Sincelejo, evento que se inicia este mi\u00e9rcoles, y dio el visto bueno en cuanto al cumplimiento de la normativa correspondiente. \u201cCon el&#8230;<\/p>\n","protected":false},"author":1,"featured_media":196652,"comment_status":"closed","ping_status":"closed","sticky":false,"template":"","format":"standard","meta":[],"categories":[60,94,56],"tags":[],"jetpack_sharing_enabled":true,"jetpack_featured_media_url":"https:\/\/malamboradio.com\/web\/wp-content\/uploads\/2023\/01\/corralejas-enero-18-paint_.jpg","_links":{"self":[{"href":"https:\/\/malamboradio.com\/web\/wp-json\/wp\/v2\/posts\/196650"}],"collection":[{"href":"https:\/\/malamboradio.com\/web\/wp-json\/wp\/v2\/posts"}],"about":[{"href":"https:\/\/malamboradio.com\/web\/wp-json\/wp\/v2\/types\/post"}],"author":[{"embeddable":true,"href":"https:\/\/malamboradio.com\/web\/wp-json\/wp\/v2\/users\/1"}],"replies":[{"embeddable":true,"href":"https:\/\/malamboradio.com\/web\/wp-json\/wp\/v2\/comments?post=196650"}],"version-history":[{"count":1,"href":"https:\/\/malamboradio.com\/web\/wp-json\/wp\/v2\/posts\/196650\/revisions"}],"predecessor-version":[{"id":196653,"href":"https:\/\/malamboradio.com\/web\/wp-json\/wp\/v2\/posts\/196650\/revisions\/196653"}],"wp:featuredmedia":[{"embeddable":true,"href":"https:\/\/malamboradio.com\/web\/wp-json\/wp\/v2\/media\/196652"}],"wp:attachment":[{"href":"https:\/\/malamboradio.com\/web\/wp-json\/wp\/v2\/media?parent=196650"}],"wp:term":[{"taxonomy":"category","embeddable":true,"href":"https:\/\/malamboradio.com\/web\/wp-json\/wp\/v2\/categories?post=196650"},{"taxonomy":"post_tag","embeddable":true,"href":"https:\/\/malamboradio.com\/web\/wp-json\/wp\/v2\/tags?post=196650"}],"curies":[{"name":"wp","href":"https:\/\/api.w.org\/{rel}","templated":true}]}}