{"id":196588,"date":"2023-01-17T20:41:36","date_gmt":"2023-01-18T01:41:36","guid":{"rendered":"https:\/\/malamboradio.com\/web\/?p=196588"},"modified":"2023-01-17T20:41:39","modified_gmt":"2023-01-18T01:41:39","slug":"debe-ser-considerado-un-criminal-quien-tenga-un-arma-ilegal-alcalde-pumarejo","status":"publish","type":"post","link":"https:\/\/malamboradio.com\/web\/2023\/01\/17\/debe-ser-considerado-un-criminal-quien-tenga-un-arma-ilegal-alcalde-pumarejo\/","title":{"rendered":"&#8220;DEBE SER CONSIDERADO UN CRIMINAL QUIEN TENGA UN ARMA ILEGAL&#8221; ALCALDE PUMAREJO"},"content":{"rendered":"\n<p class=\"has-text-align-justify\">Los episodios de criminalidad e inseguridad que recientemente se han registrado en Barranquilla y el \u00c1rea Metropolitana han causado temor en ciudadanos y comerciantes, por lo que el Alcalde Jaime Pumarejo Heins se pronunci\u00f3 este lunes para exigir resultados a la Polic\u00eda y reiterar su iniciativa de judicializar a quienes porten un arma de fuego sin salvoconducto.<\/p>\n\n\n\n<p class=\"has-text-align-justify\">Para el mandatario distrital la clave est\u00e1 en atacar el dinamizador del delito: el arma de fuego ilegal. Record\u00f3 que, desde el Distrito, &#8220;estamos proponiendo a los legisladores que alguien que sea capturado con un arma ilegal de fuego, que la porte o la tenga en su casa sin el salvoconducto correspondiente, deber\u00eda ser considerado un criminal peligroso, deber\u00eda ser conducido inmediatamente a un centro penitenciario y no deber\u00eda gozar de una medida extramural, y de esa manera deber\u00eda ser priorizado para que sea imputado, al menos, por el delito del porte ilegal de armas, que podr\u00eda conllevar a una pena de casi 10 a\u00f1os de c\u00e1rcel si lo trat\u00e1ramos como un criminal peligroso&#8221;.<\/p>\n\n\n\n<p class=\"has-text-align-justify\">Insisti\u00f3 en que \u201cah\u00ed es donde nos la debemos jugar. Queremos ofrecer recompensas, pero necesitamos que los jueces se sumen a esta campa\u00f1a priorizando este delito y unificando su criterio, y necesitamos tambi\u00e9n que con la Polic\u00eda podamos armar una gran red de informantes y empezar a caerle a esos bandidos que usan y almacenan armas\u201d.<\/p>\n\n\n\n<p>Denunciar la extorsi\u00f3n<\/p>\n\n\n\n<p class=\"has-text-align-justify\">En cuanto a los casos de extorsi\u00f3n, el Alcalde asegur\u00f3 que la mayor\u00eda de las denuncias que se hacen en materia extorsiva en Barranquilla terminan en esclarecimiento y\/o en la captura de las personas, es decir que hay una alta probabilidad en que la denuncia sea efectiva, por lo cual invit\u00f3 a los ciudadanos a denunciar.<\/p>\n\n\n\n<p class=\"has-text-align-justify\">\u201cLe hemos exigido a la Polic\u00eda que lo haga con celeridad y les brinde las garant\u00edas a estos comerciantes. Lo hemos hecho con los comerciantes, con los transportadores durante dos oportunidades, en las que nos ha tocado a la Alcald\u00eda salir a buscar soluciones con ellos para que tengan la tranquilidad de poder hacerlo\u201d, agreg\u00f3.<\/p>\n\n\n\n<p class=\"has-text-align-justify\">El mandatario concluy\u00f3 que este fen\u00f3meno nacional necesita un cambio de enfoque, por lo que las autoridades nacionales, el aparato judicial, \u201cdebe tambi\u00e9n tomar medidas y proponer cambios al legislativo, si es necesario, pero no podemos seguir d\u00eda tras d\u00eda dando estas noticias y olvid\u00e1ndonos del barranquillero de a pie, el que necesita usar su celular en la calle tranquilo\u201d.<\/p>\n\n\n\n<p>Por lo anterior, asever\u00f3 que se est\u00e1n pidiendo resultados contundentes y acciones frente a esta din\u00e1mica, que a\u00fan no encuentra respuesta.<\/p>\n\n\n\n<p class=\"has-text-align-justify\">\u201cSi bien Barranquilla puede decir que tiene \u00edndices de victimizaci\u00f3n menores que las otras ciudades, la gente no se siente tranquila y por ende necesitamos resultados\u201d, indic\u00f3 el mandatario distrital.<\/p>\n\n\n\n<p class=\"has-text-align-justify\">Al mismo tiempo, afirm\u00f3 que \u201cvamos a seguir poniendo el dedo en la llaga para que quien tenga que actuar lo haga y vamos a seguir siendo la voz de la ciudadan\u00eda, porque eso somos los alcaldes: articuladores, financiadores de la log\u00edstica contra el crimen y al final, la voz que se alza cuando vemos que las cosas no est\u00e1n funcionando\u201d.<\/p>\n\n\n\n<p>Inversi\u00f3n social<\/p>\n\n\n\n<p class=\"has-text-align-justify\">La Administraci\u00f3n distrital est\u00e1 trabajando de manera sistem\u00e1tica para generar mayores opciones sociales, por lo que el Distrito destina 75 de cada 100 pesos en inversi\u00f3n social para generar opciones de emprendimiento, empleo y crecimiento social; entre los resultados se encuentran los m\u00e1s de 5.500 j\u00f3venes becados en universidades privadas, el biling\u00fcismo y el apoyo a emprendimiento de j\u00f3venes, entre otros.<\/p>\n\n\n\n<p class=\"has-text-align-justify\">Pumarejo record\u00f3, adem\u00e1s, que el Distrito bec\u00f3 a 500 j\u00f3venes para que se formaran como polic\u00edas, quienes hoy \u201cya est\u00e1n patrullando las calles. Al mismo tiempo, trabajamos con enlaces del Consejo Superior de la Judicatura para que nos ampliaran el n\u00famero de juzgados y 4 juzgados penales van a empezar a operar este a\u00f1o, lo que nos ayudar\u00e1 a impartir mejor justicia en la ciudad de Barranquilla y que no haya tanta impunidad\u201d, detall\u00f3.<\/p>\n\n\n\n<p class=\"has-text-align-justify\">El Alcalde aclar\u00f3 que, aunque la ciudad registra menos hechos delictivos en el inicio del a\u00f1o en comparaci\u00f3n con el a\u00f1o pasado, la gente no lo est\u00e1 sintiendo y por eso \u201ctenemos que trabajar m\u00e1s duro con las autoridades: Polic\u00eda, Fiscal\u00eda y jueces, para que la aplicaci\u00f3n de la justicia sea m\u00e1s certera y para que los criminales que atentan contra los barranquilleros tengan respuestas m\u00e1s contundentes y ah\u00ed vamos a generar recompensas como lo hemos hecho en el pasado\u201d, dijo.<\/p>\n\n\n\n<p>Plan Cazador<\/p>\n\n\n\n<p class=\"has-text-align-justify\">Con el fin de identificar a los actores delincuenciales dedicados al hurto, la Polic\u00eda Metropolitana de Barranquilla despleg\u00f3 el Plan Cazador, el cual consiste en fortalecer un grupo investigativo especializado en protecci\u00f3n al patrimonio econ\u00f3mico con personal de la Seccional de Inteligencia que tendr\u00e1n como principal objetivo la prevenci\u00f3n y contenci\u00f3n de este delito, as\u00ed como la recolecci\u00f3n de elementos probatorios que permitan judicializar a quienes ya est\u00e1n plenamente identificados como responsables de hechos ocurridos recientemente.<\/p>\n\n\n\n<p class=\"has-text-align-justify\">Para su ejecuci\u00f3n, se ha reforzado la Red de Apoyo de la Polic\u00eda Metropolitana de Barranquilla con la entrega, por parte de la Oficina Para la Seguridad y Convivencia Ciudadana de la Alcald\u00eda Distrital, de equipos de comunicaci\u00f3n a comerciantes de los sectores referenciados para que tengan un contacto directo e inmediato con la Polic\u00eda. De igual forma, se pueden hacer los reportes a trav\u00e9s del n\u00famero \u00fanico de emergencias 123.<\/p>\n","protected":false},"excerpt":{"rendered":"<p>Los episodios de criminalidad e inseguridad que recientemente se han registrado en Barranquilla y el \u00c1rea Metropolitana han causado temor en ciudadanos y comerciantes, por lo que el Alcalde Jaime Pumarejo Heins se pronunci\u00f3 este lunes para exigir resultados a la Polic\u00eda y reiterar su iniciativa de judicializar a quienes porten un arma de fuego&#8230;<\/p>\n","protected":false},"author":1,"featured_media":196593,"comment_status":"closed","ping_status":"closed","sticky":false,"template":"","format":"standard","meta":[],"categories":[60,80,56],"tags":[],"jetpack_sharing_enabled":true,"jetpack_featured_media_url":"https:\/\/malamboradio.com\/web\/wp-content\/uploads\/2023\/01\/JAIME-PUMAREJO-DESARME_PAINT.jpg","_links":{"self":[{"href":"https:\/\/malamboradio.com\/web\/wp-json\/wp\/v2\/posts\/196588"}],"collection":[{"href":"https:\/\/malamboradio.com\/web\/wp-json\/wp\/v2\/posts"}],"about":[{"href":"https:\/\/malamboradio.com\/web\/wp-json\/wp\/v2\/types\/post"}],"author":[{"embeddable":true,"href":"https:\/\/malamboradio.com\/web\/wp-json\/wp\/v2\/users\/1"}],"replies":[{"embeddable":true,"href":"https:\/\/malamboradio.com\/web\/wp-json\/wp\/v2\/comments?post=196588"}],"version-history":[{"count":1,"href":"https:\/\/malamboradio.com\/web\/wp-json\/wp\/v2\/posts\/196588\/revisions"}],"predecessor-version":[{"id":196594,"href":"https:\/\/malamboradio.com\/web\/wp-json\/wp\/v2\/posts\/196588\/revisions\/196594"}],"wp:featuredmedia":[{"embeddable":true,"href":"https:\/\/malamboradio.com\/web\/wp-json\/wp\/v2\/media\/196593"}],"wp:attachment":[{"href":"https:\/\/malamboradio.com\/web\/wp-json\/wp\/v2\/media?parent=196588"}],"wp:term":[{"taxonomy":"category","embeddable":true,"href":"https:\/\/malamboradio.com\/web\/wp-json\/wp\/v2\/categories?post=196588"},{"taxonomy":"post_tag","embeddable":true,"href":"https:\/\/malamboradio.com\/web\/wp-json\/wp\/v2\/tags?post=196588"}],"curies":[{"name":"wp","href":"https:\/\/api.w.org\/{rel}","templated":true}]}}