{"id":196582,"date":"2023-01-17T20:33:07","date_gmt":"2023-01-18T01:33:07","guid":{"rendered":"https:\/\/malamboradio.com\/web\/?p=196582"},"modified":"2023-01-17T20:33:11","modified_gmt":"2023-01-18T01:33:11","slug":"esta-es-la-agenda-del-carnaval-de-barranquilla-sandra-gomez-molina","status":"publish","type":"post","link":"https:\/\/malamboradio.com\/web\/2023\/01\/17\/esta-es-la-agenda-del-carnaval-de-barranquilla-sandra-gomez-molina\/","title":{"rendered":"ESTA ES LA AGENDA DEL CARNAVAL DE BARRANQUILLA. SANDRA GOMEZ MOLINA."},"content":{"rendered":"\n<p class=\"has-text-align-justify\">La directora de Carnaval de Barranquilla S.A.S. invit\u00f3 a los colombianos para que se agenden desde este 21 de enero y disfruten la fiesta m\u00e1s alegre del pa\u00eds.<\/p>\n\n\n\n<p class=\"has-text-align-justify\">Sandra G\u00f3mez Molina, directora de Carnaval de Barranquilla S.A.S., concedi\u00f3 una entrevista en la que devela las diferentes actividades carnestol\u00e9ndicas que tendr\u00e1 la ciudad desde este 21 de enero hasta el martes 21 de febrero, cuando se entierra a \u2018Joselito Carnaval\u2019.<\/p>\n\n\n\n<p>\u00bfQu\u00e9 nos trae el Carnaval de Barranquilla 2023?<\/p>\n\n\n\n<p class=\"has-text-align-justify\">\u201cNos trae el carnaval con todos sus eventos. Un carnaval abierto todos los d\u00edas del a\u00f1o, cada d\u00eda est\u00e1n llegando m\u00e1s personas para ver el museo y preguntan por la agenda carnavalera. Arrancamos el 21 de enero con la Lectura del Bando en la Plaza de la Paz y seguiremos con la coronaci\u00f3n los fines de semana de las reinas populares. Tambi\u00e9n tendremos el fin de semana de la tradici\u00f3n en la Plaza de la Paz, donde estar\u00e1n las danzas de tradici\u00f3n y toda la tradici\u00f3n de nuestro carnaval\u201d.<\/p>\n\n\n\n<p class=\"has-text-align-justify\">\u201cEl 10 de febrero tendremos La Guacherna. El 17 de febrero es la coronaci\u00f3n de Los Reyes; el 18 tendremos la Batalla de Flores en la V\u00eda 40 y el desfile del Rey Mono por la calle 17. Celebraremos 120 a\u00f1os de la Batalla de Flores. Ser\u00e1 un desfile sin comparaci\u00f3n. Va a estar organizado para resaltar las distintas \u00e9pocas y per\u00edodos de estos 120 a\u00f1os de nuestra Batalla de Flores. Ser\u00e1 algo especial\u201d.<\/p>\n\n\n\n<p class=\"has-text-align-justify\">Y agreg\u00f3: \u201cVamos a tener \u2018Baila la Calle\u2019 los d\u00edas viernes 17, s\u00e1bado 18 y domingo 19 en el par vial de la carrera 50. El domingo 19 tendremos la Gran Parada de Tradici\u00f3n; el lunes 20 tendremos La Gran Parada de Comparsas y muchos eventos en los barrios. El martes 21 tendremos el entierro de \u2018Joselito Carnaval\u2019. Se despide con sus cenizas, en un desfile que sale desde el parque Los Fundadores o quiz\u00e1s los extendamos un poco m\u00e1s, porque vamos a tener muchos grupos inscritos este a\u00f1o\u201d.<\/p>\n\n\n\n<p class=\"has-text-align-justify\">Sandra G\u00f3mez Molina, directora de Carnaval de Barranquilla SAS. \/\/El Universal.Sandra G\u00f3mez Molina, directora de Carnaval de Barranquilla SAS. \/\/El Universal.<br>\u00bfArtistas que estar\u00e1n en la Lectura del Bando?<\/p>\n\n\n\n<p class=\"has-text-align-justify\">\u201cLa Lectura del Bando va a ser un acto muy especial. La Reina Natalia de Castro dar\u00e1 a conocer esas iniciativas que tendr\u00e1n que ver mucho con el recuerdo de lo que hubo antes, pero tambi\u00e9n lo que ella quiere para este carnaval. Vamos a tener m\u00e1s de 200 bailarines en escena; la participaci\u00f3n de grupos folcl\u00f3ricos y tambi\u00e9n vamos a tener invitados especiales como Kinito M\u00e9ndez, Peter Manjarr\u00e9s y la cuota barranquillera, que luego les estaremos contando m\u00e1s adelante\u201d. Artistas y hacedores ser\u00e1n protagonistas del Carnaval de Barranquilla<\/p>\n\n\n\n<p>\u00bfY en la Noche de Coronaci\u00f3n?<\/p>\n\n\n\n<p class=\"has-text-align-justify\">\u201cTendremos un gran show con m\u00e1s de 300 bailarines en escena. Los reyes mostrar\u00e1n ante los asistentes sus carismas. El Rey Momo Sebasti\u00e1n Guzm\u00e1n y Natalia de Castro mostrar\u00e1n un gran espect\u00e1culo\u201d.<\/p>\n\n\n\n<p class=\"has-text-align-justify\">Tendremos invitados internacionales como Gente de Zona, el Gran Combo de Puerto Rico, Checo Acosta. Va a ser una noche inolvidable\u201d.<br>El desfile de los ni\u00f1os regresa nuevamente a la calle?<\/p>\n\n\n\n<p class=\"has-text-align-justify\">\u201cVuelven los ni\u00f1os con ese desfile en un domingo tradicional. Nos vamos a levantar muy temprano para que todos los ni\u00f1os regresen a la calle despu\u00e9s de la pandemia. Saldr\u00e1 desde la calle 70 con carrera 53 hasta llegar a la Casa del Carnaval\u201d.<\/p>\n\n\n\n<p>\u00bfQu\u00e9 novedad encontrar\u00e1n los que vengan a ver el Carnaval de Barranquilla este a\u00f1o?<\/p>\n\n\n\n<p class=\"has-text-align-justify\">\u201cCreo que est\u00e1 el desfile de los ni\u00f1os y para ello estamos haciendo un gran esfuerzo. Pero como novedad es que tenemos una agenda unificada. No va ser un evento de Carnaval de Barranquilla S.A.S., sino que ser\u00e1 una agenda de ciudad. En la p\u00e1gina web de la Secretar\u00eda de Cultura, en la p\u00e1gina de Carnaval de Barranquilla y en las p\u00e1ginas de los diferentes operadores habr\u00e1 una sola propuesta, donde el que venga y el propio podr\u00e1 escoger c\u00f3mo quiere disfrutar el carnaval. Si quiere ir al Carnaval de la 44, al Desfile de la Carrera 21, llegar a Siete Bocas, Calle 84, en fin, hay una agenda para el disfrute total\u201d.<\/p>\n\n\n\n<p class=\"has-text-align-justify\">A\u00f1adi\u00f3: \u201cHemos hecho todo lo posible para que este Carnaval de Barranquilla 2023 se pueda disfrutar en toda la ciudad y en todo el departamento del Atl\u00e1ntico de manera unificada. Porque el Carnal es uno solo\u201d.<\/p>\n\n\n\n<p class=\"has-text-align-justify\">La directora de Carnaval de Barranquilla SAS, Sandra G\u00f3mez, con la actual reina Natalia de Castro, y la anterior reina Valeria Charris. \/\/El Universal.La directora de Carnaval de Barranquilla SAS, Sandra G\u00f3mez, con la actual reina Natalia de Castro, y la anterior reina Valeria Charris. \/\/El Universal.<br>\u00bfY cu\u00e1l es la invitaci\u00f3n?<\/p>\n\n\n\n<p class=\"has-text-align-justify\">\u201cLa invitaci\u00f3n es para que se agenden. Ojal\u00e1 nos puedan acompa\u00f1ar desde la Lectura del Bando este 21 de enero. Pueden venir a Barranquilla y disfrutar de este gran show y retornar a sus lugares de origen, volver el 10 de febrero para La Guacherna, se van y regresan el 16 para que se acomoden y desde el 17 hasta el 21 est\u00e9n con nosotros en el Carnaval de Barranquilla 2023, que se vive y se baila como es\u201d.<\/p>\n","protected":false},"excerpt":{"rendered":"<p>La directora de Carnaval de Barranquilla S.A.S. invit\u00f3 a los colombianos para que se agenden desde este 21 de enero y disfruten la fiesta m\u00e1s alegre del pa\u00eds. Sandra G\u00f3mez Molina, directora de Carnaval de Barranquilla S.A.S., concedi\u00f3 una entrevista en la que devela las diferentes actividades carnestol\u00e9ndicas que tendr\u00e1 la ciudad desde este 21&#8230;<\/p>\n","protected":false},"author":1,"featured_media":196584,"comment_status":"closed","ping_status":"closed","sticky":false,"template":"","format":"standard","meta":[],"categories":[97,80,56],"tags":[],"jetpack_sharing_enabled":true,"jetpack_featured_media_url":"https:\/\/malamboradio.com\/web\/wp-content\/uploads\/2023\/01\/sandra-gomez-con-el-rey-momo_paint.jpg","_links":{"self":[{"href":"https:\/\/malamboradio.com\/web\/wp-json\/wp\/v2\/posts\/196582"}],"collection":[{"href":"https:\/\/malamboradio.com\/web\/wp-json\/wp\/v2\/posts"}],"about":[{"href":"https:\/\/malamboradio.com\/web\/wp-json\/wp\/v2\/types\/post"}],"author":[{"embeddable":true,"href":"https:\/\/malamboradio.com\/web\/wp-json\/wp\/v2\/users\/1"}],"replies":[{"embeddable":true,"href":"https:\/\/malamboradio.com\/web\/wp-json\/wp\/v2\/comments?post=196582"}],"version-history":[{"count":1,"href":"https:\/\/malamboradio.com\/web\/wp-json\/wp\/v2\/posts\/196582\/revisions"}],"predecessor-version":[{"id":196585,"href":"https:\/\/malamboradio.com\/web\/wp-json\/wp\/v2\/posts\/196582\/revisions\/196585"}],"wp:featuredmedia":[{"embeddable":true,"href":"https:\/\/malamboradio.com\/web\/wp-json\/wp\/v2\/media\/196584"}],"wp:attachment":[{"href":"https:\/\/malamboradio.com\/web\/wp-json\/wp\/v2\/media?parent=196582"}],"wp:term":[{"taxonomy":"category","embeddable":true,"href":"https:\/\/malamboradio.com\/web\/wp-json\/wp\/v2\/categories?post=196582"},{"taxonomy":"post_tag","embeddable":true,"href":"https:\/\/malamboradio.com\/web\/wp-json\/wp\/v2\/tags?post=196582"}],"curies":[{"name":"wp","href":"https:\/\/api.w.org\/{rel}","templated":true}]}}