{"id":194179,"date":"2022-11-18T19:25:54","date_gmt":"2022-11-19T00:25:54","guid":{"rendered":"https:\/\/malamboradio.com\/web\/?p=194179"},"modified":"2022-11-18T19:25:57","modified_gmt":"2022-11-19T00:25:57","slug":"empresarios-del-sector-del-petroleo-y-gas-reclaman-su-papel-en-el-desarrollo-del-pais","status":"publish","type":"post","link":"https:\/\/malamboradio.com\/web\/2022\/11\/18\/empresarios-del-sector-del-petroleo-y-gas-reclaman-su-papel-en-el-desarrollo-del-pais\/","title":{"rendered":"EMPRESARIOS DEL SECTOR DEL PETROLEO Y GAS RECLAMAN SU PAPEL EN EL DESARROLLO DEL PAIS."},"content":{"rendered":"\n<p class=\"has-text-align-justify\">En la V Cumbre del Petr\u00f3leo, Gas y Energ\u00eda.<br>El sector del petr\u00f3leo y del gas colombiano cerr\u00f3 este viernes su quinto congreso anual reclamando su papel en &#8220;el desarrollo del pa\u00eds&#8221; al tiempo que reafirm\u00f3 su compromiso con la transici\u00f3n y defendiendo la seguridad energ\u00e9tica que garantice que la que se consuma en Colombia sea del pa\u00eds.<\/p>\n\n\n\n<p class=\"has-text-align-justify\">El presidente de Ecopetrol, Felipe Bay\u00f3n, cerr\u00f3 la V Cumbre del Petr\u00f3leo, Gas y Energ\u00eda, que comenz\u00f3 en Bogot\u00e1 bajo el t\u00edtulo &#8220;Colombia: geopol\u00edtica, transici\u00f3n y seguridad energ\u00e9tica&#8221; haciendo precisamente un alegato por la &#8220;soberan\u00eda energ\u00e9tica&#8221;.<\/p>\n\n\n\n<p class=\"has-text-align-justify\">&#8220;Que la energ\u00eda que consumamos los colombianos sea energ\u00eda colombiana&#8221;, defendi\u00f3 el presidente de la estatal colombiana, que lleva anotando cifras r\u00e9cord de beneficios en este 2022 y superando los niveles de producci\u00f3n de prepandemia.<\/p>\n\n\n\n<p class=\"has-text-align-justify\">En este sentido, Bay\u00f3n hizo referencia a los buenos resultados de la empresa y resalt\u00f3 el &#8220;potencial del Caribe Norte&#8221; en cuanto a explotaci\u00f3n se refiere. &#8220;El mensaje que les quiero dar es que el gas, que es la columna vertebral de la transici\u00f3n, lo tenemos en Colombia&#8221;, agreg\u00f3.<\/p>\n\n\n\n<p class=\"has-text-align-justify\">&#8220;Y una de las cosas que se logr\u00f3 hacer ahorita en las conversaciones con el Gobierno nacional es que las zonas francas &#8216;offshore&#8217; para desarrollo de gas no estuvieran grabadas en la reforma tributaria&#8221;, celebr\u00f3 el ejecutivo.<\/p>\n\n\n\n<p class=\"has-text-align-justify\">Tambi\u00e9n intervino en la clausura del congreso petrolero el presidente del Senado colombiano, Roy Barreras, que disculp\u00f3 la ausencia del mandatario, Gustavo Petro, quien estaba previsto asistiera a esta \u00faltima jornada.<\/p>\n\n\n\n<p>Transici\u00f3n energ\u00e9tica<\/p>\n\n\n\n<p class=\"has-text-align-justify\">Barreras lament\u00f3 &#8220;cierto pesimismo en el sector&#8221; y record\u00f3 que este es el &#8220;gobierno del cambio, y el cambio es la transici\u00f3n&#8221;, pero esta transici\u00f3n &#8220;no se hace en 15 d\u00edas, se hace en 15 a\u00f1os&#8221; y no la puede hacer &#8220;solo el Gobierno&#8221;, por lo que hizo un llamado al sector para comprometerse con ese prop\u00f3sito.<\/p>\n\n\n\n<p class=\"has-text-align-justify\">&#8220;Hace un par de d\u00edas conversando con \u00e9l (con el presidente Petro), not\u00e9 de nuevo su absoluta convicci\u00f3n de que no hay ninguna responsabilidad humana m\u00e1s grande de esta \u00e9poca de la historia que garantizar la transici\u00f3n&#8221;, por lo que invit\u00f3 a los responsables del sector energ\u00e9tico a sentarse con el Gobierno y trazar juntos el plan de acci\u00f3n para los pr\u00f3ximos a\u00f1os.<\/p>\n\n\n\n<p class=\"has-text-align-justify\">De hecho, asegur\u00f3 que la transici\u00f3n deber\u00eda estar liderada por el sector petrolero y gas\u00edstico, a la vez que asegur\u00f3 que &#8220;es un imposible econ\u00f3mico decir que nosotros no vamos a explorar y explotar, estar\u00edamos envi\u00e1ndole al mundo, entre otros mensajes, que no tenemos con qu\u00e9 pagar la deuda&#8221;.<\/p>\n\n\n\n<p class=\"has-text-align-justify\">En este sentido, defendi\u00f3 la exploraci\u00f3n en Colombia durante unos a\u00f1os pero record\u00f3 el mensaje de la ministra de Minas, Irene V\u00e9lez, de que &#8220;adelantan estudios serios y que ser\u00e1 la ciencia la que defina las decisiones a prop\u00f3sito de la exploraci\u00f3n y la explotaci\u00f3n&#8221;.<\/p>\n\n\n\n<p class=\"has-text-align-justify\">En referencia a Ecopetrol, el senador indic\u00f3 que &#8220;no puede seguir siendo Ecopetrol, tiene que ser Ecoenerg\u00eda, tiene que ser una cosa m\u00e1s amplia&#8221;, por lo que ser\u00e1 necesario impulsar su vertiente renovable para garantizar una transici\u00f3n energ\u00e9tica en la que tenga un papel fundamental.<\/p>\n\n\n\n<p><\/p>\n","protected":false},"excerpt":{"rendered":"<p>En la V Cumbre del Petr\u00f3leo, Gas y Energ\u00eda.El sector del petr\u00f3leo y del gas colombiano cerr\u00f3 este viernes su quinto congreso anual reclamando su papel en &#8220;el desarrollo del pa\u00eds&#8221; al tiempo que reafirm\u00f3 su compromiso con la transici\u00f3n y defendiendo la seguridad energ\u00e9tica que garantice que la que se consuma en Colombia sea&#8230;<\/p>\n","protected":false},"author":1,"featured_media":194180,"comment_status":"closed","ping_status":"closed","sticky":false,"template":"","format":"standard","meta":[],"categories":[78,1,56],"tags":[],"jetpack_sharing_enabled":true,"jetpack_featured_media_url":"https:\/\/malamboradio.com\/web\/wp-content\/uploads\/2022\/11\/bayon_2_0.jpeg","_links":{"self":[{"href":"https:\/\/malamboradio.com\/web\/wp-json\/wp\/v2\/posts\/194179"}],"collection":[{"href":"https:\/\/malamboradio.com\/web\/wp-json\/wp\/v2\/posts"}],"about":[{"href":"https:\/\/malamboradio.com\/web\/wp-json\/wp\/v2\/types\/post"}],"author":[{"embeddable":true,"href":"https:\/\/malamboradio.com\/web\/wp-json\/wp\/v2\/users\/1"}],"replies":[{"embeddable":true,"href":"https:\/\/malamboradio.com\/web\/wp-json\/wp\/v2\/comments?post=194179"}],"version-history":[{"count":1,"href":"https:\/\/malamboradio.com\/web\/wp-json\/wp\/v2\/posts\/194179\/revisions"}],"predecessor-version":[{"id":194181,"href":"https:\/\/malamboradio.com\/web\/wp-json\/wp\/v2\/posts\/194179\/revisions\/194181"}],"wp:featuredmedia":[{"embeddable":true,"href":"https:\/\/malamboradio.com\/web\/wp-json\/wp\/v2\/media\/194180"}],"wp:attachment":[{"href":"https:\/\/malamboradio.com\/web\/wp-json\/wp\/v2\/media?parent=194179"}],"wp:term":[{"taxonomy":"category","embeddable":true,"href":"https:\/\/malamboradio.com\/web\/wp-json\/wp\/v2\/categories?post=194179"},{"taxonomy":"post_tag","embeddable":true,"href":"https:\/\/malamboradio.com\/web\/wp-json\/wp\/v2\/tags?post=194179"}],"curies":[{"name":"wp","href":"https:\/\/api.w.org\/{rel}","templated":true}]}}