{"id":193895,"date":"2022-11-13T05:20:49","date_gmt":"2022-11-13T10:20:49","guid":{"rendered":"https:\/\/malamboradio.com\/web\/?p=193895"},"modified":"2022-11-13T05:38:12","modified_gmt":"2022-11-13T10:38:12","slug":"cierran-aeropuerto-de-valledupar-por-emergenia-en-las-luces","status":"publish","type":"post","link":"https:\/\/malamboradio.com\/web\/2022\/11\/13\/cierran-aeropuerto-de-valledupar-por-emergenia-en-las-luces\/","title":{"rendered":"CIERRAN AEROPUERTO DE VALLEDUPAR POR EMERGENCIA EN LAS LUCES."},"content":{"rendered":"\n<p class=\"has-text-align-justify\"><br>La denuncia la hizo el Senador Didier Lobo.<br>Un hecho ins\u00f3lito se registr\u00f3 en la noche de este s\u00e1bado en el aeropuerto de Valledupar cuando un vuelo procedente de Bogot\u00e1 no pudo aterrizar porque las luces se hab\u00edan quemado.<\/p>\n\n\n\n<p class=\"has-text-align-justify\">As\u00ed lo denunci\u00f3 el Senador Didier Lobo, quien desde las 6:30 de la ma\u00f1ana de hoy inici\u00f3 un periplo hacia la capital del Cesar.<\/p>\n\n\n\n<p>Ese vuelo inicial solamente pudo partir a las 3:30 de la tarde con destino a Bogot\u00e1.<\/p>\n\n\n\n<p class=\"has-text-align-justify\">En la capital del pa\u00eds el vuelo tambi\u00e9n sufri\u00f3 otro retraso para el trayecto hasta Valledupar y cuando al fin se pudo lograr, no fue posible aterrizar en el aeropuerto \u2018Alfonso L\u00f3pez\u2019.<\/p>\n\n\n\n<p class=\"has-text-align-justify\">\u201c\u00a1El colmo! @AeroValledupar cierra su pista porque las luces se quemaron y por ahora no hay respuestos. Por esa raz\u00f3n, el vuelo desde #Bogot\u00e1 no pudo aterrizar y partimos de emergencia a #Barranquilla Esto amerita intervenci\u00f3n urgente @MinTransporteCo y @AerocivilCol\u201d, trino el dirigente pol\u00edtico, lo cual acompa\u00f1\u00f3 con un video que grab\u00f3 en pleno vuelo.<\/p>\n","protected":false},"excerpt":{"rendered":"<p>La denuncia la hizo el Senador Didier Lobo.Un hecho ins\u00f3lito se registr\u00f3 en la noche de este s\u00e1bado en el aeropuerto de Valledupar cuando un vuelo procedente de Bogot\u00e1 no pudo aterrizar porque las luces se hab\u00edan quemado. As\u00ed lo denunci\u00f3 el Senador Didier Lobo, quien desde las 6:30 de la ma\u00f1ana de hoy inici\u00f3&#8230;<\/p>\n","protected":false},"author":1,"featured_media":193896,"comment_status":"closed","ping_status":"closed","sticky":false,"template":"","format":"standard","meta":[],"categories":[1,56],"tags":[],"jetpack_sharing_enabled":true,"jetpack_featured_media_url":"https:\/\/malamboradio.com\/web\/wp-content\/uploads\/2022\/11\/didier_lobo_vuelo.jpg","_links":{"self":[{"href":"https:\/\/malamboradio.com\/web\/wp-json\/wp\/v2\/posts\/193895"}],"collection":[{"href":"https:\/\/malamboradio.com\/web\/wp-json\/wp\/v2\/posts"}],"about":[{"href":"https:\/\/malamboradio.com\/web\/wp-json\/wp\/v2\/types\/post"}],"author":[{"embeddable":true,"href":"https:\/\/malamboradio.com\/web\/wp-json\/wp\/v2\/users\/1"}],"replies":[{"embeddable":true,"href":"https:\/\/malamboradio.com\/web\/wp-json\/wp\/v2\/comments?post=193895"}],"version-history":[{"count":2,"href":"https:\/\/malamboradio.com\/web\/wp-json\/wp\/v2\/posts\/193895\/revisions"}],"predecessor-version":[{"id":193906,"href":"https:\/\/malamboradio.com\/web\/wp-json\/wp\/v2\/posts\/193895\/revisions\/193906"}],"wp:featuredmedia":[{"embeddable":true,"href":"https:\/\/malamboradio.com\/web\/wp-json\/wp\/v2\/media\/193896"}],"wp:attachment":[{"href":"https:\/\/malamboradio.com\/web\/wp-json\/wp\/v2\/media?parent=193895"}],"wp:term":[{"taxonomy":"category","embeddable":true,"href":"https:\/\/malamboradio.com\/web\/wp-json\/wp\/v2\/categories?post=193895"},{"taxonomy":"post_tag","embeddable":true,"href":"https:\/\/malamboradio.com\/web\/wp-json\/wp\/v2\/tags?post=193895"}],"curies":[{"name":"wp","href":"https:\/\/api.w.org\/{rel}","templated":true}]}}