{"id":191862,"date":"2022-09-26T22:36:09","date_gmt":"2022-09-27T03:36:09","guid":{"rendered":"https:\/\/malamboradio.com\/web\/?p=191862"},"modified":"2022-09-26T22:36:12","modified_gmt":"2022-09-27T03:36:12","slug":"el-pugilista-luis-quinonez-entre-la-vida-y-la-muerte","status":"publish","type":"post","link":"https:\/\/malamboradio.com\/web\/2022\/09\/26\/el-pugilista-luis-quinonez-entre-la-vida-y-la-muerte\/","title":{"rendered":"EL PUGILISTA LUIS QUI\u00d1ONEZ ENTRE LA VIDA Y LA MUERTE."},"content":{"rendered":"\n<p class=\"has-text-align-justify\">El pugilista de Barrancabermeja se desplom\u00f3 en el octavo asalto durante el combate que sostuvo el s\u00e1bado en el Coliseo El\u00edas Chegwin de Barranquilla.<\/p>\n\n\n\n<p class=\"has-text-align-justify\">Lleg\u00f3 hace cinco a\u00f1os a Barranquilla con la ilusi\u00f3n de triunfar en el boxeo y as\u00ed lo hizo durante diez combates previos en los que sali\u00f3 invicto, en seis de ellos victorioso por la v\u00eda r\u00e1pida, pero el d\u00eda s\u00e1bado, por esas cosas del destino y por el re\u00f1ido combate ante el barranquillero Jos\u00e9 Mu\u00f1oz, se encuentra internado en una cl\u00ednica peleando contra la muerte.<\/p>\n\n\n\n<p class=\"has-text-align-justify\">Estamos hablando de Luis Andr\u00e9s Qui\u00f1\u00f3nez Guzm\u00e1n, un joven boxeador natural de Barrancabermeja, Santander, quien esa noche del s\u00e1bado 24 de septiembre estaba peleando por el t\u00edtulo nacional de las 140 libras.<\/p>\n\n\n\n<p class=\"has-text-align-justify\">\u201cHasta minutos antes de derrumbarse, la pelea estaba empatada. Es un tipo muy aguerrido y ante Mu\u00f1oz estaba dando la talla. Estaba invicto en diez peleas, pero se desplom\u00f3 y perdi\u00f3 por nocaut\u201d, narr\u00f3 Miguel &#8216;\u00d1ato&#8217; Guzm\u00e1n, su entrenador y quien lo asist\u00eda en la esquina esa noche.<\/p>\n\n\n\n<p class=\"has-text-align-justify\">Dijo que su pupilo en ning\u00fan momento dio muestras de cansancio. \u201cEn el sexto me pregunt\u00f3 qu\u00e9 c\u00f3mo \u00edbamos, le dije que \u00edbamos bien, pero que se cuidara el jab que le estaba entrando. Me dijo que s\u00ed y sigui\u00f3 peleando\u201d.<\/p>\n\n\n\n<p class=\"has-text-align-justify\">Guzm\u00e1n manifest\u00f3 que no es cierto que lo haya derribado una mano, que eso no fue as\u00ed. \u201cEn ese asalto a \u00e9l los tres \u00faltimos golpes no le dieron, no le pegaron. Se derrumb\u00f3 y ya. Me acerco y digo \u2018Pantalla\u2019 c\u00f3mo est\u00e1s me dice que bien. Procedo a quitarle los guantes y noto que tiene los dedos engarrotados y le digo al m\u00e9dico de la pelea que suba r\u00e1pido al ring. Y lo atiende. Dice que le demos hidratantes y despu\u00e9s de tomarlo se mejora un poco\u201d.<\/p>\n\n\n\n<p class=\"has-text-align-justify\">El entrenador en medio de la angustia que se viv\u00eda en el ring habla para que a Luis Andr\u00e9s se lo lleven r\u00e1pido para la cl\u00ednica. Lo llevaban a la General del Norte, que est\u00e1 a una cuadra del El\u00edas Chegwin. Su estado de salud no era el mejor y estando all\u00ed le detectaron que tiene un co\u00e1gulo en cerebro y que tienen que operarlo. Lo hacen y lo inducen a un coma. Las pr\u00f3ximas horas ser\u00e1n claves para su recuperaci\u00f3n.<\/p>\n\n\n\n<p class=\"has-text-align-justify\">\u201cPron\u00f3stico muy reservado para la vida y la funci\u00f3n con alta morbimortalidad, lo cual se ha informado ampliamente a sus familiares\u201d, dice apartes del comunicado emitido este lunes por la Cl\u00ednica General del Norte.<\/p>\n","protected":false},"excerpt":{"rendered":"<p>El pugilista de Barrancabermeja se desplom\u00f3 en el octavo asalto durante el combate que sostuvo el s\u00e1bado en el Coliseo El\u00edas Chegwin de Barranquilla. Lleg\u00f3 hace cinco a\u00f1os a Barranquilla con la ilusi\u00f3n de triunfar en el boxeo y as\u00ed lo hizo durante diez combates previos en los que sali\u00f3 invicto, en seis de ellos&#8230;<\/p>\n","protected":false},"author":1,"featured_media":191863,"comment_status":"closed","ping_status":"closed","sticky":false,"template":"","format":"standard","meta":[],"categories":[67,80,56],"tags":[],"jetpack_sharing_enabled":true,"jetpack_featured_media_url":"https:\/\/malamboradio.com\/web\/wp-content\/uploads\/2022\/09\/clinica-genral-del-norte_6779120_20220926153259.jpg","_links":{"self":[{"href":"https:\/\/malamboradio.com\/web\/wp-json\/wp\/v2\/posts\/191862"}],"collection":[{"href":"https:\/\/malamboradio.com\/web\/wp-json\/wp\/v2\/posts"}],"about":[{"href":"https:\/\/malamboradio.com\/web\/wp-json\/wp\/v2\/types\/post"}],"author":[{"embeddable":true,"href":"https:\/\/malamboradio.com\/web\/wp-json\/wp\/v2\/users\/1"}],"replies":[{"embeddable":true,"href":"https:\/\/malamboradio.com\/web\/wp-json\/wp\/v2\/comments?post=191862"}],"version-history":[{"count":1,"href":"https:\/\/malamboradio.com\/web\/wp-json\/wp\/v2\/posts\/191862\/revisions"}],"predecessor-version":[{"id":191864,"href":"https:\/\/malamboradio.com\/web\/wp-json\/wp\/v2\/posts\/191862\/revisions\/191864"}],"wp:featuredmedia":[{"embeddable":true,"href":"https:\/\/malamboradio.com\/web\/wp-json\/wp\/v2\/media\/191863"}],"wp:attachment":[{"href":"https:\/\/malamboradio.com\/web\/wp-json\/wp\/v2\/media?parent=191862"}],"wp:term":[{"taxonomy":"category","embeddable":true,"href":"https:\/\/malamboradio.com\/web\/wp-json\/wp\/v2\/categories?post=191862"},{"taxonomy":"post_tag","embeddable":true,"href":"https:\/\/malamboradio.com\/web\/wp-json\/wp\/v2\/tags?post=191862"}],"curies":[{"name":"wp","href":"https:\/\/api.w.org\/{rel}","templated":true}]}}