{"id":191832,"date":"2022-09-26T20:23:20","date_gmt":"2022-09-27T01:23:20","guid":{"rendered":"https:\/\/malamboradio.com\/web\/?p=191832"},"modified":"2022-09-26T20:23:23","modified_gmt":"2022-09-27T01:23:23","slug":"ley-142-una-esperanza-que-permitira-bajar-las-tarifas-de-energia-en-la-costa-dicen-camaras-y-gremios","status":"publish","type":"post","link":"https:\/\/malamboradio.com\/web\/2022\/09\/26\/ley-142-una-esperanza-que-permitira-bajar-las-tarifas-de-energia-en-la-costa-dicen-camaras-y-gremios\/","title":{"rendered":"LEY 142 UNA ESPERANZA QUE PERMITIR\u00c1 BAJAR  LAS TARIFAS DE ENERGIA EN LA COSTA. DICEN CAMARAS Y GREMIOS."},"content":{"rendered":"\n<p class=\"has-text-align-justify\">Resoluciones CREG recientes sobre tarifas no las reducir\u00e1n en el Caribe porque mantienen reconocimiento de las p\u00e9rdidas por fraude, y aplazan las alzas que los usuarios pagaremos con intereses.<br>Resoluci\u00f3n sobre t\u00e9rmicas del Caribe incrementar\u00e1n costos de prestaci\u00f3n del servicio porque las fuerza a operar ineficientemente.<\/p>\n\n\n\n<p class=\"has-text-align-justify\">Incrementos en el costo del servicio empobrecen a\u00fan m\u00e1s a la poblaci\u00f3n del Caribe y afectan la econom\u00eda regional.<\/p>\n\n\n\n<p class=\"has-text-align-justify\">Ante la crisis social y econ\u00f3mica que sufre la regi\u00f3n Caribe por el incremento desmedido de las tarifas de energ\u00eda el\u00e9ctrica, las c\u00e1maras de comercio y los gremios de la regi\u00f3n expresan:<\/p>\n\n\n\n<p class=\"has-text-align-justify\">El alto costo de la energ\u00eda el\u00e9ctrica en la regi\u00f3n Caribe se debe a decisiones regulatorias establecidas en las resoluciones CREG 010 de 2020, CREG 188 de 2020 y CREG 024 de 2021.<\/p>\n\n\n\n<p class=\"has-text-align-justify\">El modelo creado por el esquema singular y temporal definido por la CREG para la regi\u00f3n Caribe le reconoce a los operadores de red las p\u00e9rdidas porr fraude, con lo cual se aparta del criterio de eficiencia establecido en la Ley 142 de 1994 para definir la f\u00f3rmula de fijaci\u00f3n de las tarifas, tal como lo advierte el reciente estudio de FUNDESARROLLO y Frontier Economics.<\/p>\n\n\n\n<p class=\"has-text-align-justify\">Dicho esquema se basa en el costo de servicio y altas tarifas para garantizar la sostenibilidad de los operadores de red. Ello incluy\u00f3 aplicar cargos retrospectivos cobrados desde el momento de su solicitud y no, como es natural, al momento de su aprobaci\u00f3n, con lo cual se viola el derecho de los consumidores de conocer el valor del servicio al momento de usarlo.<\/p>\n\n\n\n<p class=\"has-text-align-justify\">Adem\u00e1s, las inversiones se reconocen desde la aprobaci\u00f3n del plan respectivo y no desde su materializaci\u00f3n, lo que hace que su financiaci\u00f3n la<br>asuman los usuarios anticipadamente con alzas en las tarifas.<\/p>\n\n\n\n<p class=\"has-text-align-justify\">Aunque, como dice el citado estudio, los operadores de red deben recuperar las inversiones mediante incrementos tarifarios, era necesario<br>primero mejorar la calidad del servicio, con financiaci\u00f3n del Estado o de los nuevos operadores, y bajar las p\u00e9rdidas antes de aplicar las alzas en el costo del servicio.<\/p>\n\n\n\n<p class=\"has-text-align-justify\">Las resoluciones m\u00e1s recientemente divulgadas por la CREG no redundar\u00e1n en la reducci\u00f3n de tarifas en el Caribe porque mantienen el reconocimiento de las p\u00e9rdidas por fraude, el componente que m\u00e1s pesa en el aumento del<br>costo del servicio en esta regi\u00f3n. Se limitan a diferir en el tiempo una fracci\u00f3n de las alzas, que finalmente los usuarios pagaremos con intereses.<\/p>\n\n\n\n<p class=\"has-text-align-justify\">Desconocen con ello la responsabilidad del Estado en la crisis que sufre la regi\u00f3n Caribe al no haber ejercido una adecuada supervisi\u00f3n del sistema para que se modernizar\u00e1 la infraestructura de distribuci\u00f3n, no haber intervenido a tiempo a Electricaribe, y haber prolongado este proceso.<\/p>\n\n\n\n<p class=\"has-text-align-justify\">Las alzas desmedidas en las tarifas ser\u00e1n mayores a partir de enero de 2023, cuando los usuarios vuelvan a pagar el costo pleno del servicio m\u00e1s la financiaci\u00f3n de la reducci\u00f3n que se aplic\u00f3 para los \u00faltimos meses de 2022.<\/p>\n\n\n\n<p class=\"has-text-align-justify\">Ello con el agravante de que, como se proyecta, tambi\u00e9n subir\u00e1 el costo de generaci\u00f3n por la reducci\u00f3n de los embalses de las hidroel\u00e9ctricas debido a la temporada de clima seco, y se incrementar\u00e1 el precio del gas utilizado por las termoel\u00e9ctricas, por coyunturas internacionales.<\/p>\n\n\n\n<p class=\"has-text-align-justify\">El r\u00e9gimen especial establecido por la CREG para la regi\u00f3n Caribe se puede desmontar haciendo uso del art\u00edculo 126 de la Ley 142, el cual establece que \u201cLas f\u00f3rmulas tarifarias tendr\u00e1n una vigencia de cinco a\u00f1os, salvo que antes haya acuerdo entre la empresa de servicios p\u00fablicos y la comisi\u00f3n para modificarlas\u2026 Excepcionalmente podr\u00e1n modificarse en cualquier tiempo, de oficio o a petici\u00f3n de parte, cuando sea evidente que se cometieron graves errores en su c\u00e1lculo, se lesionan injustamente los intereses de los usuarios o de la empresa\u2026\u201d.<\/p>\n\n\n\n<p class=\"has-text-align-justify\">Las disposiciones dirigidas a las plantas de tecnolog\u00eda de ciclo combinado a gas (capacidad eficiente instalada principalmente en la regi\u00f3n Caribe), tendr\u00e1n como consecuencia un incremento en los costos de prestaci\u00f3n del servicio al llevarlas a operar ineficientemente. Ello implica incrementar los costos de producci\u00f3n de energ\u00eda, y entre otros efectos, comprometer\u00e1n la calidad y confiabilidad del servicio en la regi\u00f3n al deteriorar la flexibilidad y seguridad que esta tecnolog\u00eda aporta a la operaci\u00f3n del sistema del Caribe ante las deficiencias existentes en la red de transmisi\u00f3n y distribuci\u00f3n local.<\/p>\n\n\n\n<p class=\"has-text-align-justify\">La sostenibilidad del modelo de gesti\u00f3n y el modelo regulatorio est\u00e1 en entredicho por los cambios que se han aplicado en ellos, dadas las alzas tarifarias que superan la capacidad de pago de los usuarios y los efectos que \u00e9stas tienen sobre la econom\u00eda y la poblaci\u00f3n de la regi\u00f3n Caribe, como bien lo destaca el estudio de Fundesarrollo y Frontier Economics.<\/p>\n\n\n\n<p>Comparte esto:<\/p>\n","protected":false},"excerpt":{"rendered":"<p>Resoluciones CREG recientes sobre tarifas no las reducir\u00e1n en el Caribe porque mantienen reconocimiento de las p\u00e9rdidas por fraude, y aplazan las alzas que los usuarios pagaremos con intereses.Resoluci\u00f3n sobre t\u00e9rmicas del Caribe incrementar\u00e1n costos de prestaci\u00f3n del servicio porque las fuerza a operar ineficientemente. Incrementos en el costo del servicio empobrecen a\u00fan m\u00e1s a&#8230;<\/p>\n","protected":false},"author":1,"featured_media":191836,"comment_status":"closed","ping_status":"closed","sticky":false,"template":"","format":"standard","meta":[],"categories":[60,76,56],"tags":[],"jetpack_sharing_enabled":true,"jetpack_featured_media_url":"https:\/\/malamboradio.com\/web\/wp-content\/uploads\/2022\/09\/recibos.jpg","_links":{"self":[{"href":"https:\/\/malamboradio.com\/web\/wp-json\/wp\/v2\/posts\/191832"}],"collection":[{"href":"https:\/\/malamboradio.com\/web\/wp-json\/wp\/v2\/posts"}],"about":[{"href":"https:\/\/malamboradio.com\/web\/wp-json\/wp\/v2\/types\/post"}],"author":[{"embeddable":true,"href":"https:\/\/malamboradio.com\/web\/wp-json\/wp\/v2\/users\/1"}],"replies":[{"embeddable":true,"href":"https:\/\/malamboradio.com\/web\/wp-json\/wp\/v2\/comments?post=191832"}],"version-history":[{"count":1,"href":"https:\/\/malamboradio.com\/web\/wp-json\/wp\/v2\/posts\/191832\/revisions"}],"predecessor-version":[{"id":191838,"href":"https:\/\/malamboradio.com\/web\/wp-json\/wp\/v2\/posts\/191832\/revisions\/191838"}],"wp:featuredmedia":[{"embeddable":true,"href":"https:\/\/malamboradio.com\/web\/wp-json\/wp\/v2\/media\/191836"}],"wp:attachment":[{"href":"https:\/\/malamboradio.com\/web\/wp-json\/wp\/v2\/media?parent=191832"}],"wp:term":[{"taxonomy":"category","embeddable":true,"href":"https:\/\/malamboradio.com\/web\/wp-json\/wp\/v2\/categories?post=191832"},{"taxonomy":"post_tag","embeddable":true,"href":"https:\/\/malamboradio.com\/web\/wp-json\/wp\/v2\/tags?post=191832"}],"curies":[{"name":"wp","href":"https:\/\/api.w.org\/{rel}","templated":true}]}}