{"id":191821,"date":"2022-09-26T20:06:24","date_gmt":"2022-09-27T01:06:24","guid":{"rendered":"https:\/\/malamboradio.com\/web\/?p=191821"},"modified":"2022-09-26T20:07:55","modified_gmt":"2022-09-27T01:07:55","slug":"despues-de-7-largos-anos-colombia-y-venezuela-reabren-sus-fronteras","status":"publish","type":"post","link":"https:\/\/malamboradio.com\/web\/2022\/09\/26\/despues-de-7-largos-anos-colombia-y-venezuela-reabren-sus-fronteras\/","title":{"rendered":"DESPUES DE 7 LARGOS A\u00d1OS COLOMBIA Y VENEZUELA REABREN SUS FRONTERAS."},"content":{"rendered":"\n<p class=\"has-text-align-justify\">Colombia y Venezuela reabrieron su frontera despu\u00e9s de siete a\u00f1os de pasos interrumpidos por los cruces oficiales de la zona que comunica a los dos pa\u00edses. El puente internacional Sim\u00f3n Bol\u00edvar es el epicentro de la reactivaci\u00f3n del tr\u00e1nsito binacional que recibe su primer banderazo este lunes.<\/p>\n\n\n\n<p class=\"has-text-align-justify\">Para el mandatario de Colombia, Gustavo Petro, la reapertura de la frontera es un s\u00edmbolo de uni\u00f3n que no debe cerrarse.<\/p>\n\n\n\n<p class=\"has-text-align-justify\">7:10 a. m.: Militares y polic\u00edas custodian el Puente Internacional Sim\u00f3n Bol\u00edvar a la espera de la llegada del presidente.<\/p>\n\n\n\n<p class=\"has-text-align-justify\">7:30 a. m.: El paso de migrantes se suspender\u00e1 a las 8 de la ma\u00f1ana y ser\u00e1 habilitado nuevamente cuando finalice el evento protocolario de la reapertura. A esta hora funcionarios del Inv\u00edas barren el puente Internacional Sim\u00f3n Bol\u00edvar y acomodan las barricadas para el paso de los camiones.<\/p>\n\n\n\n<p class=\"has-text-align-justify\">7:46 a. m.: \u201cEl tema no es una l\u00ednea fronteriza, es fortalecer un territorio de 2,5 millones de habitantes de las ciudades de la frontera. En pol\u00edtica migratoria le pido al gobierno no poner talanqueras para el comercio, necesitamos coordinaci\u00f3n con mesas permanentes\u201d, asegur\u00f3 el alcalde de C\u00facuta Jairo Ya\u00f1ez en una entrevista. Solo entre Venezuela y la ciudad de C\u00facuta ya est\u00e1n transitando diariamente 35.000 personas, de las que algunas siguen hacia el interior del pa\u00eds y otras se mantienen con una migraci\u00f3n pendular entre los dos pa\u00edses.<\/p>\n\n\n\n<p>8:50 a. m.: El Puente Internacional Sim\u00f3n Bol\u00edvar se cerrado para el paso de los camiones que reabrir\u00e1n la frontera. Desde el lado venezolano se escucharon detonaciones de p\u00f3lvora y los pitos de un cami\u00f3n que estaba cercano al puente.<\/p>\n\n\n\n<p class=\"has-text-align-justify\">9:20 a. m.: La reapertura oficial de la frontera est\u00e1 retrasada y las autoridades de ambos pa\u00edses reabrieron el paso de migrantes durante una hora mientras comienza el evento. En el Puente Internacional Sim\u00f3n Bol\u00edvar est\u00e1n efectivos de la Polic\u00eda y el Ej\u00e9rcito colombiano, pero tambi\u00e9n de la Guardia Nacional Bolivariana y de la Fuerza Armada Nacional Bolivariana.<\/p>\n\n\n\n<p class=\"has-text-align-justify\">9:33 a. m.: La orquesta de las Fuerzas Armadas de Colombia y su par se encontrar\u00e1n en el centro del Puente Internacional Sim\u00f3n Bol\u00edvar. Desde ah\u00ed entonar\u00e1n los dos himnos nacionales: la colombiana planea entonar el himno venezolano y la venezolana el himno colombiano. Una vez las orquestas marciales toquen el conjunto de himnos binacionales, se dar\u00e1 paso a los camiones que atravesar\u00e1n la infraestructura. Si bien hay demoras en la agenda, del lado venezolano ya se confirm\u00f3 la presencia del presidente Gustavo Petro. Sin embargo, el Palacio de Miraflores no ha notificado si Nicol\u00e1s Maduro estar\u00e1 en el lugar.<\/p>\n\n\n\n<p class=\"has-text-align-justify\">11:00 a. m.: Continuaban los actos protocolarios con los que oficialmente se reabri\u00f3 la frontera entre Colombia y Venezuela. El presidente Nicol\u00e1s Maduro asegur\u00f3 muy temprano que \u201cestamos retomando relaciones y dando pasos firmes para avanzar en la apertura total y absoluta de la frontera entre pueblos hermanos: Colombia y Venezuela. \u00a1Es un d\u00eda hist\u00f3rico y transcendental!\u201d.<\/p>\n\n\n\n<p class=\"has-text-align-justify\">11:15 a. m.: El presidente Gustavo Petro cruz\u00f3 el puente internacional y se encontr\u00f3 con la delegaci\u00f3n venezolana. Los enviados de ambas naciones ya estaban en la frontera.<\/p>\n\n\n\n<p class=\"has-text-align-justify\">11:30 a. m.: Avanz\u00f3 hacia Colombia el primer cami\u00f3n de carga desde Venezuela, algo que no se ve\u00eda desde hace cuatro a\u00f1os por este punto internacional. Se dirigi\u00f3 hacia el corregimiento de La Parada. El primer cami\u00f3n en pasar fue el venezolano y estaba decorado con la bandera de Venezuela. El segundo fue un veh\u00edculo colombiano.<\/p>\n\n\n\n<p class=\"has-text-align-justify\">11:48 a. m.: \u201cGracias a Dios gan\u00f3 la izquierda en Colombia y este puente se abri\u00f3\u201d, grit\u00f3 una mujer ondeando las banderas de los dos pa\u00edses desde el lado venezolano de la frontera. Mientras a ese costado del puente los venezolanos miraban con curiosidad la reapertura, en la mitad el presidente Gustavo Petro estuvo con el gobernador del T\u00e1chira Fredy Bernal en el salud\u00f3 protocolario de la reapertura de frontera.<\/p>\n\n\n\n<p class=\"has-text-align-justify\">12:03 p. m.: en mesas conformadas por representantes de las dos naciones se habl\u00f3 de varios temas entre los que est\u00e1 el posible uso e implementaci\u00f3n de unas c\u00e9dulas binacionales. La rueda de prensa se hizo del lado colombiano con una fuerte presencia de la polic\u00eda de C\u00facuta.<\/p>\n\n\n\n<p class=\"has-text-align-justify\">12:25 p. m.: el presidente Petro se dirigi\u00f3 en una declaraci\u00f3n p\u00fablica desde la frontera y asegur\u00f3 que \u201choy es un d\u00eda hist\u00f3rico para la regi\u00f3n, el pa\u00eds, Am\u00e9rica del Sur y Am\u00e9rica en general\u201d. Eso as\u00ed, enfatiz\u00f3: \u201cTendremos nuevas tareas y nuevos problemas que asumir, habr\u00e1 indudablemente discusiones, obst\u00e1culos, entre los dos gobiernos y las dos sociedades, pero siempre en paz, siempre con el argumento, siempre respetando al otro, la autodeterminaci\u00f3n de los pueblos es una orden de la constituci\u00f3n de Colombia a todos sus gobernantes, ciudadanos y ciudadanas\u201d.<\/p>\n\n\n\n<p class=\"has-text-align-justify\">Para el mandatario, la reapertura de la frontera es un s\u00edmbolo de uni\u00f3n que no debe cerrarse. En ese sentido, asegur\u00f3 que Venezuela es una parte de Colombia y en ese sentido el pa\u00eds \u201cno le puede cerrar las puertas a su propia casa\u201d.<\/p>\n\n\n\n<p class=\"has-text-align-justify\"><\/p>\n\n\n\n<p class=\"has-text-align-justify\"><\/p>\n\n\n\n<p class=\"has-text-align-justify\"><\/p>\n\n\n\n<p class=\"has-text-align-justify\"><\/p>\n\n\n\n<p class=\"has-text-align-justify\"><\/p>\n\n\n\n<p class=\"has-text-align-justify\"><\/p>\n\n\n\n<p><br><br><br><\/p>\n\n\n\n<p class=\"has-text-align-justify\"><\/p>\n","protected":false},"excerpt":{"rendered":"<p>Colombia y Venezuela reabrieron su frontera despu\u00e9s de siete a\u00f1os de pasos interrumpidos por los cruces oficiales de la zona que comunica a los dos pa\u00edses. El puente internacional Sim\u00f3n Bol\u00edvar es el epicentro de la reactivaci\u00f3n del tr\u00e1nsito binacional que recibe su primer banderazo este lunes. Para el mandatario de Colombia, Gustavo Petro, la&#8230;<\/p>\n","protected":false},"author":1,"featured_media":191824,"comment_status":"closed","ping_status":"closed","sticky":false,"template":"","format":"standard","meta":[],"categories":[60,78,56],"tags":[],"jetpack_sharing_enabled":true,"jetpack_featured_media_url":"https:\/\/malamboradio.com\/web\/wp-content\/uploads\/2022\/09\/petro-reapertura-frontera.jpg","_links":{"self":[{"href":"https:\/\/malamboradio.com\/web\/wp-json\/wp\/v2\/posts\/191821"}],"collection":[{"href":"https:\/\/malamboradio.com\/web\/wp-json\/wp\/v2\/posts"}],"about":[{"href":"https:\/\/malamboradio.com\/web\/wp-json\/wp\/v2\/types\/post"}],"author":[{"embeddable":true,"href":"https:\/\/malamboradio.com\/web\/wp-json\/wp\/v2\/users\/1"}],"replies":[{"embeddable":true,"href":"https:\/\/malamboradio.com\/web\/wp-json\/wp\/v2\/comments?post=191821"}],"version-history":[{"count":2,"href":"https:\/\/malamboradio.com\/web\/wp-json\/wp\/v2\/posts\/191821\/revisions"}],"predecessor-version":[{"id":191828,"href":"https:\/\/malamboradio.com\/web\/wp-json\/wp\/v2\/posts\/191821\/revisions\/191828"}],"wp:featuredmedia":[{"embeddable":true,"href":"https:\/\/malamboradio.com\/web\/wp-json\/wp\/v2\/media\/191824"}],"wp:attachment":[{"href":"https:\/\/malamboradio.com\/web\/wp-json\/wp\/v2\/media?parent=191821"}],"wp:term":[{"taxonomy":"category","embeddable":true,"href":"https:\/\/malamboradio.com\/web\/wp-json\/wp\/v2\/categories?post=191821"},{"taxonomy":"post_tag","embeddable":true,"href":"https:\/\/malamboradio.com\/web\/wp-json\/wp\/v2\/tags?post=191821"}],"curies":[{"name":"wp","href":"https:\/\/api.w.org\/{rel}","templated":true}]}}