{"id":187888,"date":"2022-08-16T05:32:46","date_gmt":"2022-08-16T10:32:46","guid":{"rendered":"https:\/\/malamboradio.com\/web\/?p=187888"},"modified":"2022-08-16T05:32:48","modified_gmt":"2022-08-16T10:32:48","slug":"coronel-acusado-de-los-asesinatos-de-los-jovenes-de-chocho-se-dio-a-la-fuga","status":"publish","type":"post","link":"https:\/\/malamboradio.com\/web\/2022\/08\/16\/coronel-acusado-de-los-asesinatos-de-los-jovenes-de-chocho-se-dio-a-la-fuga\/","title":{"rendered":"CORONEL ACUSADO DE LOS  ASESINATOS DE LOS JOVENES DE CHOCH\u00d3 SE DI\u00d3 A LA FUGA."},"content":{"rendered":"\n<p class=\"has-text-align-justify\">El oficial habr\u00eda tomado un vuelto en Cartagena rumbo a Panam\u00e1, el pasado 4 de agosto, un d\u00eda antes de haber sido separado de su cargo.<\/p>\n\n\n\n<p class=\"has-text-align-justify\">Las autoridades confirmaron que el teniente coronel Benjam\u00edn Dar\u00edo N\u00fa\u00f1ez Jaramillo, ex comandante operativo de la Polic\u00eda en Sucre, denunciado por subalternos suyos como asesino de los tres j\u00f3venes del corregimiento de Choch\u00f3, sali\u00f3 del pa\u00eds.<\/p>\n\n\n\n<p class=\"has-text-align-justify\">El oficial habr\u00eda tomado un vuelto en Cartagena rumbo a Panam\u00e1, el pasado 4 de agosto, un d\u00eda antes de haber sido separado de su cargo por decisi\u00f3n de la Inspecci\u00f3n General de la Polic\u00eda, dentro de la respectiva investigaci\u00f3n disciplinaria abierta en su contra.<\/p>\n\n\n\n<p class=\"has-text-align-justify\">Fuentes de alto Gobierno tienen la certeza que N\u00fa\u00f1ez Jaramillo, de 42 a\u00f1os de edad, viaj\u00f3 al vecino pa\u00eds, pero no sabe si permanece all\u00ed o se traslad\u00f3 luego a otra naci\u00f3n, pues le perdieron el rastro.<\/p>\n\n\n\n<p class=\"has-text-align-justify\">Benjam\u00edn Dar\u00edo N\u00fa\u00f1ez Jaramillo es un oficial de la Polic\u00eda Nacional nacido en la ciudad de Manizales (Caldas), actualmente tiene 42 a\u00f1os de edad y el grado de Teniente Coronel.<\/p>\n\n\n\n<p>N\u00fa\u00f1ez Jaramillo es especialista en administraci\u00f3n policial, tiene un diplomado en Derechos Humanos, es profesional en investigaci\u00f3n criminal y experto en lavado de activos y dactiloscopia.<\/p>\n\n\n\n<p>El ex comandante operativo de la Polic\u00eda en el departamento de Sucre, quien tiene 21 a\u00f1os de servicio en la instituci\u00f3n armada, adem\u00e1s posee dominio en aspectos relacionados con el control de multitudes.<\/p>\n\n\n\n<p class=\"has-text-align-justify\">En el a\u00f1o 2015, luego de ser promovido en ascenso a mayor y haber trabajado en la Sij\u00edn de la Metropolitana de Bogot\u00e1, tom\u00f3 la comandancia de la estaci\u00f3n de Girardot, Cundinamarca.<\/p>\n\n\n\n<p class=\"has-text-align-justify\">En el mes de marzo de 2017 recibi\u00f3 honores de la Alcald\u00eda de Tenjo (Cundinamarca) por su labor en la emergencia presentada en la vereda Chinc\u00e9, tras un incendio forestal.<\/p>\n\n\n\n<p class=\"has-text-align-justify\">En el a\u00f1o 2019 se desempe\u00f1\u00f3 como comandante operativo de la Polic\u00eda de Tr\u00e1nsito en Bogot\u00e1, liderando campa\u00f1as de prevenci\u00f3n de accidentes y promoviendo el uso de equipo de carreteras.<\/p>\n\n\n\n<p class=\"has-text-align-justify\">Una de sus primeras acciones en el departamento fue el 11 de enero en la atenci\u00f3n de la tragedia de El Bajito (San Onofre), donde cuatro menores de edad murieron calcinados al incendiarse una vivienda.<\/p>\n\n\n\n<p class=\"has-text-align-justify\">Benjam\u00edn Dar\u00edo hab\u00eda llegado en los primeros d\u00edas de 2022 a Sucre con el grado de Teniente Coronel para dirigir los operativos, sin embargo, en esta secci\u00f3n del pa\u00eds, es relacionado con actos negativos.<\/p>\n\n\n\n<p class=\"has-text-align-justify\">El oficial habr\u00eda protagonizado una serie de esc\u00e1ndalos internos con patrulleros, as\u00ed como enfrentamientos con civiles en diligencias de desalojo y protestas sociales, sin mencionar roces con periodistas.<\/p>\n\n\n\n<p class=\"has-text-align-justify\">El viernes 28 de enero en un procedimiento de captura en medio de una protesta en la Variante Oriental, entre Sincelejo y Choch\u00f3, habr\u00eda reducido con sus propias manos a un civil y seg\u00fan testigos, casi lo ahorca.<\/p>\n\n\n\n<p class=\"has-text-align-justify\">Hoy est\u00e1 siendo acusado por subalternos suyos de haber asesinado a los tres j\u00f3venes del corregimiento de Choch\u00f3. Desde que fue separado de su cargo y lo llamaron a calificar servicio, no se sabe nada de su paradero.<\/p>\n\n\n\n<p><\/p>\n","protected":false},"excerpt":{"rendered":"<p>El oficial habr\u00eda tomado un vuelto en Cartagena rumbo a Panam\u00e1, el pasado 4 de agosto, un d\u00eda antes de haber sido separado de su cargo. Las autoridades confirmaron que el teniente coronel Benjam\u00edn Dar\u00edo N\u00fa\u00f1ez Jaramillo, ex comandante operativo de la Polic\u00eda en Sucre, denunciado por subalternos suyos como asesino de los tres j\u00f3venes&#8230;<\/p>\n","protected":false},"author":1,"featured_media":187890,"comment_status":"closed","ping_status":"closed","sticky":false,"template":"","format":"standard","meta":[],"categories":[78,94,56],"tags":[],"jetpack_sharing_enabled":true,"jetpack_featured_media_url":"https:\/\/malamboradio.com\/web\/wp-content\/uploads\/2022\/08\/CORONEL.jpg","_links":{"self":[{"href":"https:\/\/malamboradio.com\/web\/wp-json\/wp\/v2\/posts\/187888"}],"collection":[{"href":"https:\/\/malamboradio.com\/web\/wp-json\/wp\/v2\/posts"}],"about":[{"href":"https:\/\/malamboradio.com\/web\/wp-json\/wp\/v2\/types\/post"}],"author":[{"embeddable":true,"href":"https:\/\/malamboradio.com\/web\/wp-json\/wp\/v2\/users\/1"}],"replies":[{"embeddable":true,"href":"https:\/\/malamboradio.com\/web\/wp-json\/wp\/v2\/comments?post=187888"}],"version-history":[{"count":1,"href":"https:\/\/malamboradio.com\/web\/wp-json\/wp\/v2\/posts\/187888\/revisions"}],"predecessor-version":[{"id":187892,"href":"https:\/\/malamboradio.com\/web\/wp-json\/wp\/v2\/posts\/187888\/revisions\/187892"}],"wp:featuredmedia":[{"embeddable":true,"href":"https:\/\/malamboradio.com\/web\/wp-json\/wp\/v2\/media\/187890"}],"wp:attachment":[{"href":"https:\/\/malamboradio.com\/web\/wp-json\/wp\/v2\/media?parent=187888"}],"wp:term":[{"taxonomy":"category","embeddable":true,"href":"https:\/\/malamboradio.com\/web\/wp-json\/wp\/v2\/categories?post=187888"},{"taxonomy":"post_tag","embeddable":true,"href":"https:\/\/malamboradio.com\/web\/wp-json\/wp\/v2\/tags?post=187888"}],"curies":[{"name":"wp","href":"https:\/\/api.w.org\/{rel}","templated":true}]}}