{"id":179534,"date":"2022-05-12T01:06:43","date_gmt":"2022-05-12T01:06:43","guid":{"rendered":"https:\/\/malamboradio.com\/web\/?p=179534"},"modified":"2022-05-12T01:06:50","modified_gmt":"2022-05-12T01:06:50","slug":"por-presunta-participacion-en-politica-procuraduria-suspende-al-alcalde-de-medellin","status":"publish","type":"post","link":"https:\/\/malamboradio.com\/web\/2022\/05\/12\/por-presunta-participacion-en-politica-procuraduria-suspende-al-alcalde-de-medellin\/","title":{"rendered":"POR PRESUNTA PARTICIPACION EN POLITICA PROCURADURIA SUSPENDE AL  ALCALDE DE MEDELLIN."},"content":{"rendered":"\n<p class=\"has-text-align-justify\">Una ola de comentarios divididos en la esfera pol\u00edtica nacional ha generado la determinaci\u00f3n de la procuradora general de la Naci\u00f3n, Margarita Cabello Blanco, de suspender provisionalmente al alcalde de Medell\u00edn, Daniel Quintero, por presunta participaci\u00f3n en pol\u00edtica.<\/p>\n\n\n\n<p class=\"has-text-align-justify\">En ese sentido, mientras que un sector se\u00f1ala que la determinaci\u00f3n va en contrav\u00eda del reciente fallo de la Corte Interamericana de Derechos Humanos Cidh sobre las competencias de la Procuradur\u00eda, otra orilla afirma que es una decisi\u00f3n que busca proteger la institucionalidad y evitar que los funcionarios p\u00fablicos se inmiscuyan en el proceso electoral que se vive en el pa\u00eds.<\/p>\n\n\n\n<p class=\"has-text-align-justify\">Sobre el tema, una de las primeras personas en pronunciarse, fue el candidato presidencial por el Pacto Hist\u00f3rico, Gustavo Petro, quien precis\u00f3: \u201cGolpe de Estado en Medell\u00edn. Le pido a toda la ciudadan\u00eda y a la Cidh defender el voto popular. <\/p>\n\n\n\n<p class=\"has-text-align-justify\">La Procuradur\u00eda no puede evadir el mandato popular. Ya un procurador fascista me suspendi\u00f3 siendo alcalde y la sentencia de la Cidh fue tajante: un \u00f3rgano administrativo no puede suspender los efectos del voto ciudadano\u201d, mencion\u00f3.<\/p>\n\n\n\n<p class=\"has-text-align-justify\">Por su parte, el candidato presidencial Sergio Fajardo Valderrama, afirm\u00f3: \u201che sido cr\u00edtico de Daniel Quintero y s\u00ed ha participado en pol\u00edtica. Pero \u00e9l y el alcalde de Ibagu\u00e9 no son los \u00fanicos que lo est\u00e1n haciendo. Si la Procuradur\u00eda quiere impartir justicia va quedada en muchos funcionarios, empezando por el presidente y sus ministros\u201d, anot\u00f3.<\/p>\n","protected":false},"excerpt":{"rendered":"<p>Una ola de comentarios divididos en la esfera pol\u00edtica nacional ha generado la determinaci\u00f3n de la procuradora general de la Naci\u00f3n, Margarita Cabello Blanco, de suspender provisionalmente al alcalde de Medell\u00edn, Daniel Quintero, por presunta participaci\u00f3n en pol\u00edtica. En ese sentido, mientras que un sector se\u00f1ala que la determinaci\u00f3n va en contrav\u00eda del reciente fallo&#8230;<\/p>\n","protected":false},"author":1,"featured_media":179535,"comment_status":"closed","ping_status":"closed","sticky":false,"template":"","format":"standard","meta":[],"categories":[78,56,91],"tags":[],"jetpack_sharing_enabled":true,"jetpack_featured_media_url":"https:\/\/malamboradio.com\/web\/wp-content\/uploads\/2022\/05\/ALCALDE-MEDELLIN.jpg","_links":{"self":[{"href":"https:\/\/malamboradio.com\/web\/wp-json\/wp\/v2\/posts\/179534"}],"collection":[{"href":"https:\/\/malamboradio.com\/web\/wp-json\/wp\/v2\/posts"}],"about":[{"href":"https:\/\/malamboradio.com\/web\/wp-json\/wp\/v2\/types\/post"}],"author":[{"embeddable":true,"href":"https:\/\/malamboradio.com\/web\/wp-json\/wp\/v2\/users\/1"}],"replies":[{"embeddable":true,"href":"https:\/\/malamboradio.com\/web\/wp-json\/wp\/v2\/comments?post=179534"}],"version-history":[{"count":1,"href":"https:\/\/malamboradio.com\/web\/wp-json\/wp\/v2\/posts\/179534\/revisions"}],"predecessor-version":[{"id":179536,"href":"https:\/\/malamboradio.com\/web\/wp-json\/wp\/v2\/posts\/179534\/revisions\/179536"}],"wp:featuredmedia":[{"embeddable":true,"href":"https:\/\/malamboradio.com\/web\/wp-json\/wp\/v2\/media\/179535"}],"wp:attachment":[{"href":"https:\/\/malamboradio.com\/web\/wp-json\/wp\/v2\/media?parent=179534"}],"wp:term":[{"taxonomy":"category","embeddable":true,"href":"https:\/\/malamboradio.com\/web\/wp-json\/wp\/v2\/categories?post=179534"},{"taxonomy":"post_tag","embeddable":true,"href":"https:\/\/malamboradio.com\/web\/wp-json\/wp\/v2\/tags?post=179534"}],"curies":[{"name":"wp","href":"https:\/\/api.w.org\/{rel}","templated":true}]}}