{"id":179498,"date":"2022-05-11T13:02:32","date_gmt":"2022-05-11T13:02:32","guid":{"rendered":"https:\/\/malamboradio.com\/web\/?p=179498"},"modified":"2022-05-11T13:02:39","modified_gmt":"2022-05-11T13:02:39","slug":"de-nuevo-abierto-el-proceso-para-la-implementacion-del-taximetro-en-area-metropolitana-de-barranquilla","status":"publish","type":"post","link":"https:\/\/malamboradio.com\/web\/2022\/05\/11\/de-nuevo-abierto-el-proceso-para-la-implementacion-del-taximetro-en-area-metropolitana-de-barranquilla\/","title":{"rendered":"DE NUEVO ABIERTO EL PROCESO PARA LA IMPLEMENTACION DEL TAXIMETRO EN AREA METROPOLITANA DE BARRANQUILLA."},"content":{"rendered":"\n<p class=\"has-text-align-justify\">Luego de haber realizado serios  ajustes al proceso de contrataci\u00f3n y estudiar cada una de las observaciones hechas por las empresas de taxis, agremiaciones y conductores, el \u00c1rea Metropolitana de Barranquilla abri\u00f3 nuevamente el proceso licitatorio para entregar en concesi\u00f3n el Sistema Inteligente de Taxis, que incluye su dise\u00f1o, implementaci\u00f3n, administraci\u00f3n, operaci\u00f3n y mantenimiento. La inversi\u00f3n inicial se estima en $23.488.190.631 y el 24 de junio es la fecha l\u00edmite para la presentaci\u00f3n de ofertas.<\/p>\n\n\n\n<p class=\"has-text-align-justify\">El proceso que se adelantar\u00e1 se har\u00e1 bajo la modalidad de licitaci\u00f3n p\u00fablica, conforme a las reglas de participaci\u00f3n contempladas en el art\u00edculo 30 de la Ley 80 de 1993, la Ley 1150 de 2015 y sus art\u00edculos reglamentarios y dem\u00e1s normas aplicables que rigen la materia, teniendo en cuenta que, de acuerdo con las caracter\u00edsticas esenciales del contrato a celebrar y la naturaleza de este, resulta ser la modalidad id\u00f3nea para satisfacer los fines planteados para la ejecuci\u00f3n del objeto del presente proceso.<\/p>\n\n\n\n<p class=\"has-text-align-justify\">Seg\u00fan el AMB, el concesionario seleccionado deber\u00e1 desarrollar el contrato en un plazo de 148 meses, previo cumplimiento de todos los requisitos para su ejecuci\u00f3n. La fecha l\u00edmite para la presentaci\u00f3n de ofertas es el 24 de junio de 2022, a las 11:00 de la ma\u00f1ana.<\/p>\n\n\n\n<p class=\"has-text-align-justify\">El valor del contrato que se suscriba es indeterminado pero determinable en el tiempo, el cual corresponder\u00e1 al valor de las inversiones realizadas para la implementaci\u00f3n, operaci\u00f3n y mantenimiento del SIT-TPI-AMB, confrontado con la ejecuci\u00f3n que se desarrolle de acuerdo con el esquema financiero previsto en el estudio realizado que soporta la licitaci\u00f3n.<\/p>\n\n\n\n<p class=\"has-text-align-justify\">El presupuesto oficial del presente proceso asciende a la suma de $23.488.190.631, valor que corresponde a la inversi\u00f3n inicial aproximada obtenida del esquema financiero previsto que se ejecutar\u00e1 durante la etapa preoperativa del contrato de concesi\u00f3n, aunado a los recursos por concepto de reinversi\u00f3n correspondientes a la actualizaci\u00f3n tecnol\u00f3gica en el a\u00f1o sexto. Para los dem\u00e1s aspectos, el contrato que se suscriba es de cuant\u00eda indeterminada.<\/p>\n\n\n\n<p class=\"has-text-align-justify\">El contrato se adjudicar\u00e1, seg\u00fan el orden de elegibilidad establecido en el informe de evaluaci\u00f3n. El ordenador del gasto, por medio de acto administrativo motivado, adjudicar\u00e1 el proceso, al proponente ubicado en el primer puesto del orden de elegibilidad, y que cumpla con todos los requisitos exigidos en el presente pliego de condiciones o proceder\u00e1 a la declaratoria de desierta del proceso, si a ello hubiere lugar.<\/p>\n\n\n\n<p>La adjudicaci\u00f3n se realizar\u00e1 en la fecha y hora establecida en el cronograma.<\/p>\n\n\n\n<p>El pliego de condiciones y dem\u00e1s documentos del proceso se podr\u00e1n consultar en el proceso Portal \u00danico de Contrataci\u00f3n Estatal www.colombiacompra.gov.co o en la p\u00e1gina institucional www.ambq.gov.co.<\/p>\n\n\n\n<p class=\"has-text-align-justify\">En opini\u00f3n del director del \u00c1rea Metropolitana de Barranquilla, Libardo Garc\u00eda Guerrero, despu\u00e9s de un largo estudio del proceso lo que se busca con esta nueva licitaci\u00f3n es mitigar el riesgo financiero y de paso brindar a los usuarios la garant\u00eda de contar con una tarifa justa del servicio. Adem\u00e1s, permitir a propietarios y conductores ser m\u00e1s competitivos frente a las plataformas que intermedian en la prestaci\u00f3n del servicio de manera irregular.<\/p>\n\n\n\n<p class=\"has-text-align-justify\">\u201cDespejamos todas las dudas e incertidumbres planteadas por los actores del proceso. Desde el componente t\u00e9cnico conservamos las funcionalidades del sistema robusteciendo el componente de software y haciendo m\u00e1s liviano el kit a bordo de los taxis\u201d, termin\u00f3 diciendo Garc\u00eda Guerrero.<\/p>\n","protected":false},"excerpt":{"rendered":"<p>Luego de haber realizado serios ajustes al proceso de contrataci\u00f3n y estudiar cada una de las observaciones hechas por las empresas de taxis, agremiaciones y conductores, el \u00c1rea Metropolitana de Barranquilla abri\u00f3 nuevamente el proceso licitatorio para entregar en concesi\u00f3n el Sistema Inteligente de Taxis, que incluye su dise\u00f1o, implementaci\u00f3n, administraci\u00f3n, operaci\u00f3n y mantenimiento. La&#8230;<\/p>\n","protected":false},"author":1,"featured_media":179502,"comment_status":"closed","ping_status":"closed","sticky":false,"template":"","format":"standard","meta":[],"categories":[76,65,56],"tags":[],"jetpack_sharing_enabled":true,"jetpack_featured_media_url":"https:\/\/malamboradio.com\/web\/wp-content\/uploads\/2022\/05\/taximetro_6200562_20220510122925.jpg","_links":{"self":[{"href":"https:\/\/malamboradio.com\/web\/wp-json\/wp\/v2\/posts\/179498"}],"collection":[{"href":"https:\/\/malamboradio.com\/web\/wp-json\/wp\/v2\/posts"}],"about":[{"href":"https:\/\/malamboradio.com\/web\/wp-json\/wp\/v2\/types\/post"}],"author":[{"embeddable":true,"href":"https:\/\/malamboradio.com\/web\/wp-json\/wp\/v2\/users\/1"}],"replies":[{"embeddable":true,"href":"https:\/\/malamboradio.com\/web\/wp-json\/wp\/v2\/comments?post=179498"}],"version-history":[{"count":2,"href":"https:\/\/malamboradio.com\/web\/wp-json\/wp\/v2\/posts\/179498\/revisions"}],"predecessor-version":[{"id":179503,"href":"https:\/\/malamboradio.com\/web\/wp-json\/wp\/v2\/posts\/179498\/revisions\/179503"}],"wp:featuredmedia":[{"embeddable":true,"href":"https:\/\/malamboradio.com\/web\/wp-json\/wp\/v2\/media\/179502"}],"wp:attachment":[{"href":"https:\/\/malamboradio.com\/web\/wp-json\/wp\/v2\/media?parent=179498"}],"wp:term":[{"taxonomy":"category","embeddable":true,"href":"https:\/\/malamboradio.com\/web\/wp-json\/wp\/v2\/categories?post=179498"},{"taxonomy":"post_tag","embeddable":true,"href":"https:\/\/malamboradio.com\/web\/wp-json\/wp\/v2\/tags?post=179498"}],"curies":[{"name":"wp","href":"https:\/\/api.w.org\/{rel}","templated":true}]}}