{"id":179458,"date":"2022-05-11T02:24:02","date_gmt":"2022-05-11T02:24:02","guid":{"rendered":"https:\/\/malamboradio.com\/web\/?p=179458"},"modified":"2022-05-11T02:24:07","modified_gmt":"2022-05-11T02:24:07","slug":"ley-zanahoria-en-malambo-para-menores-de-edad","status":"publish","type":"post","link":"https:\/\/malamboradio.com\/web\/2022\/05\/11\/ley-zanahoria-en-malambo-para-menores-de-edad\/","title":{"rendered":"LEY ZANAHORIA EN MALAMBO PARA MENORES DE EDAD."},"content":{"rendered":"\n<p class=\"has-text-align-justify\">La preocupacion  por la presencia de menores de edad en las calles y parques a altas horas de la noche, hizo que desde la Alcald\u00eda de Malambo se decretara  la \u2018Ley Zanahoria\u2019, con el fin de contrarrestar la ola de inseguridad que se viene presentando en ese municipio. <\/p>\n\n\n\n<p class=\"has-text-align-justify\">Malambo,  perteneciente al \u00e1rea metropolitana de Barranquilla. Se ha visto muy afectado por la ola de inseguridad que los viene afectando. La medida se tom\u00f3 luego de un Consejo de Seguridad con la participaci\u00f3n de las autoridades civiles, de Polic\u00eda y dem\u00e1s fuerzas p\u00fablicas.<\/p>\n\n\n\n<p class=\"has-text-align-justify\">\u201cEstamos trabajando con los j\u00f3venes para que dejen la l\u00ednea invisible, los malos pasos y vuelvan al colegio, a la universidad, a buscar un trabajo y regresen a sus familias\u201d, dijo el alcalde Monsalve.<\/p>\n\n\n\n<p class=\"has-text-align-justify\">Agreg\u00f3 que \u201cmuchos j\u00f3venes est\u00e1n siendo utilizados para el tema del microtr\u00e1fico y andan en malos pasos en muchas de las zonas recreativas y ya vamos a intervenir esas zonas. Estamos dialogando con ellos para que dejen el tema de drogas, busquen un trabajo y regresen a la normalidad y se comporten como  j\u00f3venes de bien\u201d.<\/p>\n\n\n\n<p class=\"has-text-align-justify\">\u201cVamos a hacer actividades para dejar las l\u00edneas invisibles, que hagamos amistades y que volvamos hacer un pueblo unido. Vamos a hacer actividades deportivas, recreativas, educativas con estos j\u00f3venes del municipio\u201d, recalc\u00f3 el mandatario de los malamberos.<\/p>\n\n\n\n<p class=\"has-text-align-justify\">Dijo adem\u00e1s \u201cvamos a realizar un plan desarme, pero tambi\u00e9n vamos a implementar la \u2018Ley Zanahoria\u2019, con la que no permitiremos que los j\u00f3venes est\u00e9n hasta altas horas de la noche en las calles de Malambo sin el acompa\u00f1amiento de sus padres o de un adulto responsable\u201d. \u201cEn el municipio se ven menores de 14 y 16 a\u00f1os en los parques con armas corto-punzantes. \u00bfD\u00f3nde est\u00e1n los padres de estos j\u00f3venes? Es la pregunta que uno se hace\u201d, termin\u00f3 diciendo.<\/p>\n\n\n\n<p class=\"has-text-align-justify\">El coronel Marcos Ospina Moncada, comandante del Sexto Distrito de Polic\u00eda en Soledad y Malambo, dio a conocer que el pie de fuerza se increment\u00f3 en el municipio y los agentes estar\u00e1n presentes en sitios estrat\u00e9gicos de la poblaci\u00f3n, al tiempo que manifest\u00f3 que se intensificar\u00e1n los operativos para contrarrestar el microtr\u00e1fico y la venta de alucin\u00f3genos en el municipio.<\/p>\n","protected":false},"excerpt":{"rendered":"<p>La preocupacion por la presencia de menores de edad en las calles y parques a altas horas de la noche, hizo que desde la Alcald\u00eda de Malambo se decretara la \u2018Ley Zanahoria\u2019, con el fin de contrarrestar la ola de inseguridad que se viene presentando en ese municipio. Malambo, perteneciente al \u00e1rea metropolitana de Barranquilla&#8230;.<\/p>\n","protected":false},"author":1,"featured_media":179459,"comment_status":"closed","ping_status":"closed","sticky":false,"template":"","format":"standard","meta":[],"categories":[85,65,56],"tags":[],"jetpack_sharing_enabled":true,"jetpack_featured_media_url":"https:\/\/malamboradio.com\/web\/wp-content\/uploads\/2022\/05\/Ruminnige-monsalve_6200441_20220510114817-1.jpg","_links":{"self":[{"href":"https:\/\/malamboradio.com\/web\/wp-json\/wp\/v2\/posts\/179458"}],"collection":[{"href":"https:\/\/malamboradio.com\/web\/wp-json\/wp\/v2\/posts"}],"about":[{"href":"https:\/\/malamboradio.com\/web\/wp-json\/wp\/v2\/types\/post"}],"author":[{"embeddable":true,"href":"https:\/\/malamboradio.com\/web\/wp-json\/wp\/v2\/users\/1"}],"replies":[{"embeddable":true,"href":"https:\/\/malamboradio.com\/web\/wp-json\/wp\/v2\/comments?post=179458"}],"version-history":[{"count":2,"href":"https:\/\/malamboradio.com\/web\/wp-json\/wp\/v2\/posts\/179458\/revisions"}],"predecessor-version":[{"id":179463,"href":"https:\/\/malamboradio.com\/web\/wp-json\/wp\/v2\/posts\/179458\/revisions\/179463"}],"wp:featuredmedia":[{"embeddable":true,"href":"https:\/\/malamboradio.com\/web\/wp-json\/wp\/v2\/media\/179459"}],"wp:attachment":[{"href":"https:\/\/malamboradio.com\/web\/wp-json\/wp\/v2\/media?parent=179458"}],"wp:term":[{"taxonomy":"category","embeddable":true,"href":"https:\/\/malamboradio.com\/web\/wp-json\/wp\/v2\/categories?post=179458"},{"taxonomy":"post_tag","embeddable":true,"href":"https:\/\/malamboradio.com\/web\/wp-json\/wp\/v2\/tags?post=179458"}],"curies":[{"name":"wp","href":"https:\/\/api.w.org\/{rel}","templated":true}]}}