{"id":179414,"date":"2022-05-10T12:58:47","date_gmt":"2022-05-10T12:58:47","guid":{"rendered":"https:\/\/malamboradio.com\/web\/?p=179414"},"modified":"2022-05-10T13:28:35","modified_gmt":"2022-05-10T13:28:35","slug":"el-tema-del-pasado-paro-cuestiona-la-confianza-en-la-seguridad-del-gobierno","status":"publish","type":"post","link":"https:\/\/malamboradio.com\/web\/2022\/05\/10\/el-tema-del-pasado-paro-cuestiona-la-confianza-en-la-seguridad-del-gobierno\/","title":{"rendered":"EL TEMA DEL PASADO PARO, CUESTIONA LA CONFIANZA EN LA CAPACIDAD DE PROTECCION  DEL GOBIERNO."},"content":{"rendered":"\n<p class=\"has-text-align-justify\">Un poco m\u00e1s de 100 veh\u00edculos quemados, pueblos confinados y amedrantados, y cerca de 6 personas muertas, fue el resultado de cuatro d\u00edas de paro armado del \u2018Clan del Golfo\u2019 en once departamentos del pa\u00eds.<\/p>\n\n\n\n<p class=\"has-text-align-justify\">Aunque el Gobierno Nacional intent\u00f3 dar respuesta con millonarias recompensas y aumento de pie de fuerza, los expertos consideran que no hubo control real sobre el territorio y que fue una respuesta tard\u00eda.<\/p>\n\n\n\n<p class=\"has-text-align-justify\">As\u00ed lo explica Jeremy McDermott, co-director de la fundaci\u00f3n Insight Crime, quien dice que este paro, al igual que el del ELN, que se present\u00f3 hace algunos meses, demuestran que el Gobierno Nacional y la Fuerza P\u00fablica no tienen el control total del territorio nacional, y que la poblaci\u00f3n civil en muchas partes del pa\u00eds no cree que el Estado pueda protegerlos.<\/p>\n\n\n\n<p class=\"has-text-align-justify\">Con este argumento coincide Le\u00f3n Valencia, director de la Fundaci\u00f3n Paz y Reconciliaci\u00f3n (Pares), quien expresa que es muy grave que el Gobierno se haga el sorprendido con este paro. \u201cEste ha sido el modus operandi del \u2018Clan del Golfo\u2019 cada que le detienen a uno de los \u00dasuga. El Gobierno ten\u00eda que estar preparado para esto y no se prepar\u00f3, porque ha sido muy d\u00e9bil ante esta estructura criminal\u201d.<\/p>\n\n\n\n<p class=\"has-text-align-justify\">En los cuatro d\u00edas del llamado paro armado que decret\u00f3 el \u2018Clan del Golfo\u2019, en retaliaci\u00f3n a la extradici\u00f3n de su principal cabecilla Dairo Antonio \u00dasuga, alias \u2018Otoniel\u2019, se presentaron 309 hechos de violencia en el pa\u00eds, que afectaron a la poblaci\u00f3n civil, de acuerdo al \u00faltimo balance de la Unidad de Investigaci\u00f3n y Acusaci\u00f3n de la Justicia Especial para la Paz (JEP).<\/p>\n\n\n\n<p class=\"has-text-align-justify\">Entre estos se encuentran 26 bloqueos forzados en v\u00edas; 118 veh\u00edculos quemados; 54 cierres de actividades de transporte y terminales y 22 ataques a la Fuerza P\u00fablica, que dejaron dos personas asesinadas, entre otros. Estos hechos violentos se presentaron en 11 departamentos y 178 municipios, entre los que se encuentra el 100 % de los territorios de La Guajira y Choc\u00f3.<\/p>\n\n\n\n<p class=\"has-text-align-justify\">Ante esta situaci\u00f3n, el Gobierno ofreci\u00f3 una recompensa de 5.000 millones de pesos por Jobanis de Jes\u00fas \u00c1vila Villadiego, alias \u2018Chiquito Malo\u2019, y Wilmer Antonio Quiroz, alias \u2018Siopas\u2019, quienes ser\u00edan los m\u00e1ximos cabecillas del \u2018Clan del Golfo\u2019, tras la captura de \u2018Otoniel\u2019, seg\u00fan las autoridades.<\/p>\n\n\n\n<p class=\"has-text-align-justify\">Tambi\u00e9n se realizaron patrullajes conjuntos con la Fuerza P\u00fablica en capitales y cabeceras; protecci\u00f3n de las v\u00edas para garantizar el abastecimiento de alimentos y transporte; y la movilizaci\u00f3n de 52.000 uniformados a los puntos m\u00e1s afectados del pa\u00eds.<\/p>\n\n\n\n<p class=\"has-text-align-justify\">Seg\u00fan cifras de la Polic\u00eda Nacional, durante estos d\u00edas se presentaron 104 capturas, 24 de ellas por orden judicial y 80 en flagrancia. Fueron incautadas 23 armas de fuego, 781 cartuchos de munici\u00f3n, 9 granadas y 5 artefactos explosivos, entre otros elementos.<\/p>\n\n\n\n<p class=\"has-text-align-justify\">Las medidas llegaron demasiado tarde, seg\u00fan expresa Andr\u00e9s Mac\u00edas, investigador del Centro de Investigaciones y Proyectos Especiales (CIPE), lo que refleja la tard\u00eda respuesta del Gobierno ante este paro armado.<\/p>\n\n\n\n<p class=\"has-text-align-justify\">\u201cEste paro evidenci\u00f3 que hubo una reacci\u00f3n tard\u00eda del Estado para enfrentarlo, de pronto pensando que no era un grupo tan fuerte, y aunque hab\u00eda fuerza desplegada, esta se vi\u00f3 superada en algunos casos por las acciones de estos grupos. La Fuerza P\u00fablica no logr\u00f3 evitar el temor, evitar que se afectar\u00e1 la comunicaci\u00f3n terrestre\u201d, se\u00f1ala Mac\u00edas.<\/p>\n\n\n\n<p class=\"has-text-align-justify\">Adem\u00e1s, Mac\u00edas explica que s\u00ed hubo consejos de seguridad, s\u00ed se tomaron acciones, pero por ejemplo la presencia del Presidente Iv\u00e1n Duque en la regi\u00f3n se demor\u00f3 en llegar. \u201cAqu\u00ed estamos hablando de un paro que buscaba por parte de este grupo mostrarse fortalecido, pero esa imagen se habr\u00eda podido sopesar con la imagen de un presidente en el terreno, liderando a la Fuerza P\u00fablica, y eso no se vio\u201d.<\/p>\n\n\n\n<p class=\"has-text-align-justify\">En esta l\u00ednea es importante mencionar que los alcaldes de los 19 municipios del Occidente antioque\u00f1o enviaron una carta a la representante en Colombia de la Alta Comisionada de las Naciones Unidas para los Derechos Humanos, Juliette de Rivero, en la que le piden acciones contundentes ante las acciones violentas del \u2018Clan del Golfo\u2019, y en la que dicen que la capacidad de intervenci\u00f3n del Gobierno ha sido sobrepasada.<\/p>\n\n\n\n<p class=\"has-text-align-justify\">En una entrevista el ministro de Defensa, Diego Molano, explic\u00f3 que desde la captura de \u2018Otoniel\u2019 llevan m\u00e1s de 250 capturas, por lo que calific\u00f3 al grupo como una organizaci\u00f3n muy debilitada; declaraciones parecidas a las que ha hecho el presidente Iv\u00e1n Duque desde la captura de \u2018Otoniel\u2019.<\/p>\n\n\n\n<p class=\"has-text-align-justify\">Sin embargo, seg\u00fan la Fundaci\u00f3n Paz y Reconciliaci\u00f3n, liderada por Le\u00f3n Valencia, mediante un informe publicado en marzo y denominado \u2018Plomo es lo que hay: Violencia y seguridad en tiempos de Duque\u2019, dice que es mentira que el \u2018Clan\u2019 est\u00e9 debilitado, pues, seg\u00fan este, pese a la detenci\u00f3n de \u2018Otoniel\u2019, contin\u00faa siendo el grupo criminal m\u00e1s poderoso de Colombia.<\/p>\n\n\n\n<p class=\"has-text-align-justify\">\u201cCon la captura de \u2018Otoniel\u2019 el \u2018Clan del Golfo\u2019 no se vio afectado de manera estructural, ya que no ha sido visible una desestabilizaci\u00f3n organizacional como consecuencia de dicho hecho\u201d, reza el documento. Seg\u00fan el informe, actualmente el grupo armado tiene cuatro estructuras, 22 subestructuras y dos comisiones conformadas por aproximadamente 3.260 integrantes, entre ellos 1.461 armados.<\/p>\n\n\n\n<p class=\"has-text-align-justify\">Con los argumentos de este informe coincide Andr\u00e9s Mac\u00edas, investigador del Centro de Investigaciones y Proyectos Especiales (CIPE), quien dice que aunque es cierto que el Gobierno ha continuado combatiendo a este grupo armado.<\/p>\n\n\n\n<p class=\"has-text-align-justify\">\u201cLa capacidad de acci\u00f3n del \u2018Clan\u2019 sigue sin estar tan debilitada como se pensaba, en parte porque han logrado tener una relaci\u00f3n muy estrecha con diferentes grupos, que para poder operar en diferentes municipios no necesitan tener presencia directa sino aliados\u201d, se\u00f1ala el informe.<\/p>\n\n\n\n<p class=\"has-text-align-justify\">Jeremy McDermott, por el contrario, considera que el Clan del Golfo s\u00ed se ha debilitado tras la captura de Dairo Antonio \u00dasuga, y su extradici\u00f3n podr\u00eda fragmentarlo m\u00e1s y los elementos ganen m\u00e1s autonom\u00eda.<\/p>\n\n\n\n<p><\/p>\n","protected":false},"excerpt":{"rendered":"<p>Un poco m\u00e1s de 100 veh\u00edculos quemados, pueblos confinados y amedrantados, y cerca de 6 personas muertas, fue el resultado de cuatro d\u00edas de paro armado del \u2018Clan del Golfo\u2019 en once departamentos del pa\u00eds. Aunque el Gobierno Nacional intent\u00f3 dar respuesta con millonarias recompensas y aumento de pie de fuerza, los expertos consideran que&#8230;<\/p>\n","protected":false},"author":1,"featured_media":179417,"comment_status":"closed","ping_status":"closed","sticky":false,"template":"","format":"standard","meta":[],"categories":[83,56],"tags":[],"jetpack_sharing_enabled":true,"jetpack_featured_media_url":"https:\/\/malamboradio.com\/web\/wp-content\/uploads\/2022\/05\/VEHICULOS-INCINERADOS.jpg","_links":{"self":[{"href":"https:\/\/malamboradio.com\/web\/wp-json\/wp\/v2\/posts\/179414"}],"collection":[{"href":"https:\/\/malamboradio.com\/web\/wp-json\/wp\/v2\/posts"}],"about":[{"href":"https:\/\/malamboradio.com\/web\/wp-json\/wp\/v2\/types\/post"}],"author":[{"embeddable":true,"href":"https:\/\/malamboradio.com\/web\/wp-json\/wp\/v2\/users\/1"}],"replies":[{"embeddable":true,"href":"https:\/\/malamboradio.com\/web\/wp-json\/wp\/v2\/comments?post=179414"}],"version-history":[{"count":3,"href":"https:\/\/malamboradio.com\/web\/wp-json\/wp\/v2\/posts\/179414\/revisions"}],"predecessor-version":[{"id":179438,"href":"https:\/\/malamboradio.com\/web\/wp-json\/wp\/v2\/posts\/179414\/revisions\/179438"}],"wp:featuredmedia":[{"embeddable":true,"href":"https:\/\/malamboradio.com\/web\/wp-json\/wp\/v2\/media\/179417"}],"wp:attachment":[{"href":"https:\/\/malamboradio.com\/web\/wp-json\/wp\/v2\/media?parent=179414"}],"wp:term":[{"taxonomy":"category","embeddable":true,"href":"https:\/\/malamboradio.com\/web\/wp-json\/wp\/v2\/categories?post=179414"},{"taxonomy":"post_tag","embeddable":true,"href":"https:\/\/malamboradio.com\/web\/wp-json\/wp\/v2\/tags?post=179414"}],"curies":[{"name":"wp","href":"https:\/\/api.w.org\/{rel}","templated":true}]}}