{"id":179348,"date":"2022-05-09T17:13:11","date_gmt":"2022-05-09T17:13:11","guid":{"rendered":"https:\/\/malamboradio.com\/web\/?p=179348"},"modified":"2022-05-09T17:13:17","modified_gmt":"2022-05-09T17:13:17","slug":"el-ataque-de-rusia-fue-preventivo-la-otan-y-occidente-nos-amenazan-v-putin","status":"publish","type":"post","link":"https:\/\/malamboradio.com\/web\/2022\/05\/09\/el-ataque-de-rusia-fue-preventivo-la-otan-y-occidente-nos-amenazan-v-putin\/","title":{"rendered":"&#8220;EL ATAQUE DE RUSIA FUE PREVENTIVO, LA OTAN Y OCCIDENTE NOS AMENAZAN&#8221;. V.PUTIN"},"content":{"rendered":"\n<p class=\"has-text-align-justify\">El presidente ruso, Vlad\u00edmir Putin, dio un discurso con ocasi\u00f3n del 77 aniversario del D\u00eda de la Victoria sovi\u00e9tica sobre la Alemania nazi.<\/p>\n\n\n\n<p class=\"has-text-align-justify\">El presidente ruso, Vlad\u00edmir Putin, asegur\u00f3 hoy que Rusia ha efectuado un ataque \u201cpreventivo\u201d en Ucrania ante la amenaza de la OTAN y Occidente, y asegur\u00f3 que fue \u201cuna medida necesaria\u201d y la \u201c\u00fanica posible\u201d en esta situaci\u00f3n.<\/p>\n\n\n\n<p>\u201cHemos visto c\u00f3mo se despliegan infraestructuras militares, c\u00f3mo cientos de expertos extranjeros trabajaron en Ucrania, c\u00f3mo estaban suministrando armamento de la OTAN\u201d, dijo durante su discurso en la plaza Roja con ocasi\u00f3n del 77 aniversario del D\u00eda de la Victoria sovi\u00e9tica sobre la Alemania nazi.<\/p>\n\n\n\n<p class=\"has-text-align-justify\">\u201cEl peligro iba creciendo cada d\u00eda. Rusia realiz\u00f3 una respuesta preventiva, fue una medida necesaria y la \u00fanica posible en esta situaci\u00f3n. Fue una decisi\u00f3n de un pa\u00eds soberano, fuerte e independiente\u201d, se\u00f1al\u00f3 durante el tradicional desfile militar.<\/p>\n\n\n\n<p class=\"has-text-align-justify\">Sostuvo que Rusia ha prometido hacer \u201ctodo lo posible para que el horror de una guerra global no se repita\u201d y por eso, dijo, \u201cpese a todas las divergencias en las relaciones internacionales, Rusia siempre abog\u00f3 por un sistema de seguridad global e indivisible, uno que es vital para toda la comunidad mundial\u201d.<\/p>\n\n\n\n<p class=\"has-text-align-justify\">\u201cEn diciembre pasado propusimos cerrar un acuerdo de garant\u00edas de seguridad. Rusia llam\u00f3 a Occidente a un di\u00e1logo sincero, a buscar soluciones y compromisos razonables por el bien com\u00fan. Todo en vano. Los pa\u00edses de la OTAN no quisieron escucharnos, lo que significaba que de hecho ten\u00edan planes completamente diferentes y los vimos\u201d, dijo.<\/p>\n\n\n\n<p class=\"has-text-align-justify\">De forma abierta, a\u00f1adi\u00f3, \u201cestaban preparando una operaci\u00f3n de castigo en el Donb\u00e1s, una invasi\u00f3n de nuestros territorios hist\u00f3ricos, incluida Crimea. En Kiev anunciaron la posible adquisici\u00f3n de armas nucleares y el bloque de la OTAN comenz\u00f3 un desarrollo militar activo de los territorios en nuestra cercan\u00eda\u201d.<\/p>\n\n\n\n<p class=\"has-text-align-justify\">\u201cDe esta manera, se estaba creando sistem\u00e1ticamente una amenaza intolerable para nosotros directamente en nuestras fronteras\u201d, dijo, al tiempo que consider\u00f3 que \u201ctodo apuntaba a que un enfrentamiento con los neonazis, los partidarios de (el l\u00edder colaboracionista ucraniano Step\u00e1n) Bandera (\u2026), ser\u00eda inevitable\u201d.<\/p>\n\n\n\n<p class=\"has-text-align-justify\">Putin se\u00f1al\u00f3 que hoy, 77 a\u00f1os despu\u00e9s del fin de la Segunda Guerra Mundial, \u201clas milicias del Donb\u00e1s junto al Ej\u00e9rcito ruso luchan en su propia tierra (\u2026)\u201d.<\/p>\n\n\n\n<p class=\"has-text-align-justify\">\u201cMe dirijo ahora a nuestras Fuerzas Armadas y a los milicianos del Donb\u00e1s: luch\u00e1is por la patria, por su futuro, para que nadie olvide las lecciones de la Segunda Guerra Mundial, para que en el mundo no haya sitio para verdugos, represores y nazis\u201d, se\u00f1al\u00f3.<\/p>\n\n\n\n<p class=\"has-text-align-justify\">Antes de pedir un minuto de silencio, Putin inclin\u00f3 la cabeza ante la memoria de todos aquellos cuyas vidas fueron arrebatadas por la Gran Guerra Patria (1931-1945), ante la memoria de hijos, hijas, padres, madres, abuelos, esposos, esposas, hermanos, hermanas, parientes, amigos, afirm\u00f3.<\/p>\n\n\n\n<p class=\"has-text-align-justify\">\u201cInclinamos la cabeza ante la memoria de los m\u00e1rtires de Odesa, que fueron quemados vivos en la Casa de los Sindicatos en mayo de 2014. Ante la memoria de los ancianos, las mujeres y los ni\u00f1os del Donb\u00e1s, los civiles que murieron a causa de los bombardeos despiadados, los b\u00e1rbaros ataques neonazis\u201d, recalc\u00f3.<\/p>\n\n\n\n<p class=\"has-text-align-justify\">Putin destac\u00f3 que en el desfile tomaban parte soldados que combatieron durante la \u201coperaci\u00f3n militar especial\u201d en Ucrania, que \u00e9l anunci\u00f3 el 24 de febrero.<\/p>\n","protected":false},"excerpt":{"rendered":"<p>El presidente ruso, Vlad\u00edmir Putin, dio un discurso con ocasi\u00f3n del 77 aniversario del D\u00eda de la Victoria sovi\u00e9tica sobre la Alemania nazi. El presidente ruso, Vlad\u00edmir Putin, asegur\u00f3 hoy que Rusia ha efectuado un ataque \u201cpreventivo\u201d en Ucrania ante la amenaza de la OTAN y Occidente, y asegur\u00f3 que fue \u201cuna medida necesaria\u201d y&#8230;<\/p>\n","protected":false},"author":1,"featured_media":179349,"comment_status":"closed","ping_status":"closed","sticky":false,"template":"","format":"standard","meta":[],"categories":[83,56],"tags":[],"jetpack_sharing_enabled":true,"jetpack_featured_media_url":"https:\/\/malamboradio.com\/web\/wp-content\/uploads\/2022\/05\/PUTIN.jpg","_links":{"self":[{"href":"https:\/\/malamboradio.com\/web\/wp-json\/wp\/v2\/posts\/179348"}],"collection":[{"href":"https:\/\/malamboradio.com\/web\/wp-json\/wp\/v2\/posts"}],"about":[{"href":"https:\/\/malamboradio.com\/web\/wp-json\/wp\/v2\/types\/post"}],"author":[{"embeddable":true,"href":"https:\/\/malamboradio.com\/web\/wp-json\/wp\/v2\/users\/1"}],"replies":[{"embeddable":true,"href":"https:\/\/malamboradio.com\/web\/wp-json\/wp\/v2\/comments?post=179348"}],"version-history":[{"count":2,"href":"https:\/\/malamboradio.com\/web\/wp-json\/wp\/v2\/posts\/179348\/revisions"}],"predecessor-version":[{"id":179352,"href":"https:\/\/malamboradio.com\/web\/wp-json\/wp\/v2\/posts\/179348\/revisions\/179352"}],"wp:featuredmedia":[{"embeddable":true,"href":"https:\/\/malamboradio.com\/web\/wp-json\/wp\/v2\/media\/179349"}],"wp:attachment":[{"href":"https:\/\/malamboradio.com\/web\/wp-json\/wp\/v2\/media?parent=179348"}],"wp:term":[{"taxonomy":"category","embeddable":true,"href":"https:\/\/malamboradio.com\/web\/wp-json\/wp\/v2\/categories?post=179348"},{"taxonomy":"post_tag","embeddable":true,"href":"https:\/\/malamboradio.com\/web\/wp-json\/wp\/v2\/tags?post=179348"}],"curies":[{"name":"wp","href":"https:\/\/api.w.org\/{rel}","templated":true}]}}