{"id":179324,"date":"2022-05-09T15:14:08","date_gmt":"2022-05-09T15:14:08","guid":{"rendered":"https:\/\/malamboradio.com\/web\/?p=179324"},"modified":"2022-05-09T15:15:38","modified_gmt":"2022-05-09T15:15:38","slug":"5-000-millones-por-el-siopas-y-chiquito-malo-quieren-seria-los-responsables-del-paro-armado","status":"publish","type":"post","link":"https:\/\/malamboradio.com\/web\/2022\/05\/09\/5-000-millones-por-el-siopas-y-chiquito-malo-quieren-seria-los-responsables-del-paro-armado\/","title":{"rendered":"$ 5.000 MILLONES POR &#8220;EL SIOPAS&#8221; Y &#8220;CHIQUITO MALO&#8221; SUPUESTOS RESPONSABLES DEL PARO ARMADO."},"content":{"rendered":"\n<p class=\"has-text-align-justify\">La recompensa por Jobanis de Jes\u00fas \u00c1vila Villadiego, alias \u2018Chiquito Malo\u2019, y Wilmer Antonio Quiroz, alias \u2018Siopas\u2019 aument\u00f3 esta semana hasta 5.000 millones de pesos , estos facinerosos quienes ser\u00edan los principales responsables del paro armado que azota el pa\u00eds como retaliaci\u00f3n a la extradici\u00f3n de Dairo Antonio \u00dasuga, alias \u2018Otoniel\u2019.  Ambos hombres, tras la captura de \u2018Otoniel\u2019, fueron designados como sus sucesores. En primer lugar alias \u2018Chiquito Malo\u2019 fue desmovilizado del Bloque Bananeros de las Autodefensas Unidas de Colombia en 2004, sin embargo, volvi\u00f3 al radar de las autoridades colombianas y estadounidenses en 2018 y, especialmente, en 2021 luego de tomar el mando tras la baja de alias \u2018Marihuano\u2019, por parte del Ej\u00e9rcito.<\/p>\n\n\n\n<p class=\"has-text-align-justify\">De acuerdo con las investigaciones, las zonas de injerencia de alias \u2018Chiquito Malo\u2019, antes de reemplazar a \u2018Marihuano\u2019, eran los municipio de Turbo, El Tres y Currulao, en el Urab\u00e1 antioque\u00f1o. A la fecha, Jobanis \u00c1vila tiene circular roja de la Interpol.<\/p>\n\n\n\n<p class=\"has-text-align-justify\">Seg\u00fan informes de la Fuerza P\u00fablica, \u2018Chiquito Malo\u2019 siempre ha estado al frente de las actividades de producci\u00f3n y comercializaci\u00f3n de coca\u00edna en el \u2018clan\u2019.<\/p>\n\n\n\n<p class=\"has-text-align-justify\">Dentro de la organizaci\u00f3n, primero fue nombrado como uno de los cabecillas de la subestructura Central Urab\u00e1-Turbo, con influencia en zona rural de dicho municipio, donde coordin\u00f3 acciones contra la Fuerza P\u00fablica. Posteriormente, asumi\u00f3 como cabecilla principal de esa subestructura, donde dirige las actividades il\u00edcitas relacionadas con el control del narcotr\u00e1fico, extorsiones y acciones armadas contra la Fuerza P\u00fablica.<\/p>\n\n\n\n<p class=\"has-text-align-justify\">De otra  parte, \u2018Siopas\u2019 con  41 a\u00f1os y es oriundo de Apartad\u00f3 (Antioquia). Desert\u00f3 de las Farc en 2008 y al a\u00f1o siguiente comenz\u00f3 a trabajar para \u2018Otoniel\u2019. Su primer encargo importante fue la comandancia del frente Zuley Guerra, que delinque en la zona costera de C\u00f3rdoba.<\/p>\n\n\n\n<p class=\"has-text-align-justify\">En 2019 pas\u00f3 al bloque Pac\u00edfico, liderando los frentes que act\u00faan en el litoral, desde Choc\u00f3 hasta Nari\u00f1o, incluyendo el suroeste antioque\u00f1o.<\/p>\n\n\n\n<p class=\"has-text-align-justify\">Su militancia  se ha distinguido por sus frecuentes ataques a la Fuerza P\u00fablica, aprendidos de la doctrina subversiva en sus tiempos de guerrillero. Entre los atentados m\u00e1s brutales est\u00e1 el del 11 de abril de 2018 en San Pedro de Urab\u00e1, contra una caravana de veh\u00edculos oficiales que hac\u00edan tareas de restituci\u00f3n de tierras. Una bomba explot\u00f3 a su paso y mat\u00f3 a ocho polic\u00edas.<\/p>\n","protected":false},"excerpt":{"rendered":"<p>La recompensa por Jobanis de Jes\u00fas \u00c1vila Villadiego, alias \u2018Chiquito Malo\u2019, y Wilmer Antonio Quiroz, alias \u2018Siopas\u2019 aument\u00f3 esta semana hasta 5.000 millones de pesos , estos facinerosos quienes ser\u00edan los principales responsables del paro armado que azota el pa\u00eds como retaliaci\u00f3n a la extradici\u00f3n de Dairo Antonio \u00dasuga, alias \u2018Otoniel\u2019. Ambos hombres, tras la&#8230;<\/p>\n","protected":false},"author":1,"featured_media":179325,"comment_status":"closed","ping_status":"closed","sticky":false,"template":"","format":"standard","meta":[],"categories":[83,78,56],"tags":[],"jetpack_sharing_enabled":true,"jetpack_featured_media_url":"https:\/\/malamboradio.com\/web\/wp-content\/uploads\/2022\/05\/mas-buscado_6193129_20220508132808.jpg","_links":{"self":[{"href":"https:\/\/malamboradio.com\/web\/wp-json\/wp\/v2\/posts\/179324"}],"collection":[{"href":"https:\/\/malamboradio.com\/web\/wp-json\/wp\/v2\/posts"}],"about":[{"href":"https:\/\/malamboradio.com\/web\/wp-json\/wp\/v2\/types\/post"}],"author":[{"embeddable":true,"href":"https:\/\/malamboradio.com\/web\/wp-json\/wp\/v2\/users\/1"}],"replies":[{"embeddable":true,"href":"https:\/\/malamboradio.com\/web\/wp-json\/wp\/v2\/comments?post=179324"}],"version-history":[{"count":2,"href":"https:\/\/malamboradio.com\/web\/wp-json\/wp\/v2\/posts\/179324\/revisions"}],"predecessor-version":[{"id":179328,"href":"https:\/\/malamboradio.com\/web\/wp-json\/wp\/v2\/posts\/179324\/revisions\/179328"}],"wp:featuredmedia":[{"embeddable":true,"href":"https:\/\/malamboradio.com\/web\/wp-json\/wp\/v2\/media\/179325"}],"wp:attachment":[{"href":"https:\/\/malamboradio.com\/web\/wp-json\/wp\/v2\/media?parent=179324"}],"wp:term":[{"taxonomy":"category","embeddable":true,"href":"https:\/\/malamboradio.com\/web\/wp-json\/wp\/v2\/categories?post=179324"},{"taxonomy":"post_tag","embeddable":true,"href":"https:\/\/malamboradio.com\/web\/wp-json\/wp\/v2\/tags?post=179324"}],"curies":[{"name":"wp","href":"https:\/\/api.w.org\/{rel}","templated":true}]}}