{"id":178994,"date":"2022-05-05T12:59:42","date_gmt":"2022-05-05T12:59:42","guid":{"rendered":"https:\/\/malamboradio.com\/web\/?p=178994"},"modified":"2022-05-05T12:59:47","modified_gmt":"2022-05-05T12:59:47","slug":"obligatorio-el-uso-del-tapabocas-en-transmetro","status":"publish","type":"post","link":"https:\/\/malamboradio.com\/web\/2022\/05\/05\/obligatorio-el-uso-del-tapabocas-en-transmetro\/","title":{"rendered":"OBLIGATORIO EL USO DEL TAPABOCAS EN TRANSMETRO."},"content":{"rendered":"\n<p class=\"has-text-align-justify\">Fernando Isaza, gerente del Sistema de Transporte Masivo de Barranquilla, Transmetro, reiter\u00f3 a los usuarios que dentro de las estaciones y veh\u00edculos seguir\u00e1 siendo obligatorio el uso del tapabocas. Esto, teniendo en cuenta las restricciones del Gobierno Nacional en cuanto a la continuidad de la mascarilla en ciertos espacios cerrados. El gerente de la entidad dijo que la directriz impartida por el Ministerio de Salud y Protecci\u00f3n Social seguir\u00e1 hasta nuevas disposiciones.<\/p>\n\n\n\n<p class=\"has-text-align-justify\">Indic\u00f3 que de acuerdo a la directriz del Ministerio de Salud, el uso del tapabocas sigue rigiendo en el transporte p\u00fablico y masivo.<\/p>\n\n\n\n<p class=\"has-text-align-justify\">Por lo anterior, el gerente de Transmetro indic\u00f3 que se velar\u00e1 por el uso correcto del tapabocas por parte de los usuarios que se movilizan en el Sistema<\/p>\n\n\n\n<p class=\"has-text-align-justify\">.\u201cNuestro personal de campo estar\u00e1 presto a vigilar el uso adecuado del tapabocas por parte de nuestros usuarios. Es indispensable que los ciudadanos acaten la medida al interior del Sistema\u201d, sostuvo Isaza.<\/p>\n\n\n\n<p class=\"has-text-align-justify\">Record\u00f3, adem\u00e1s, que en los buses se prohibe el consumo de alimentos para evitar que los usuarios se retiren la mascarilla, la cual debe cubrir nariz y boca. Termin\u00f3 diciendo que actualmente el Sistema opera con el 100 % de la ocupaci\u00f3n de usuarios en los veh\u00edculos articulados, padrones y busetones<\/p>\n","protected":false},"excerpt":{"rendered":"<p>Fernando Isaza, gerente del Sistema de Transporte Masivo de Barranquilla, Transmetro, reiter\u00f3 a los usuarios que dentro de las estaciones y veh\u00edculos seguir\u00e1 siendo obligatorio el uso del tapabocas. Esto, teniendo en cuenta las restricciones del Gobierno Nacional en cuanto a la continuidad de la mascarilla en ciertos espacios cerrados. El gerente de la entidad&#8230;<\/p>\n","protected":false},"author":1,"featured_media":178995,"comment_status":"closed","ping_status":"closed","sticky":false,"template":"","format":"standard","meta":[],"categories":[82,65,56],"tags":[],"jetpack_sharing_enabled":true,"jetpack_featured_media_url":"https:\/\/malamboradio.com\/web\/wp-content\/uploads\/2022\/05\/tapabocas-transmetro_6178440_20220504125245.jpg","_links":{"self":[{"href":"https:\/\/malamboradio.com\/web\/wp-json\/wp\/v2\/posts\/178994"}],"collection":[{"href":"https:\/\/malamboradio.com\/web\/wp-json\/wp\/v2\/posts"}],"about":[{"href":"https:\/\/malamboradio.com\/web\/wp-json\/wp\/v2\/types\/post"}],"author":[{"embeddable":true,"href":"https:\/\/malamboradio.com\/web\/wp-json\/wp\/v2\/users\/1"}],"replies":[{"embeddable":true,"href":"https:\/\/malamboradio.com\/web\/wp-json\/wp\/v2\/comments?post=178994"}],"version-history":[{"count":2,"href":"https:\/\/malamboradio.com\/web\/wp-json\/wp\/v2\/posts\/178994\/revisions"}],"predecessor-version":[{"id":178998,"href":"https:\/\/malamboradio.com\/web\/wp-json\/wp\/v2\/posts\/178994\/revisions\/178998"}],"wp:featuredmedia":[{"embeddable":true,"href":"https:\/\/malamboradio.com\/web\/wp-json\/wp\/v2\/media\/178995"}],"wp:attachment":[{"href":"https:\/\/malamboradio.com\/web\/wp-json\/wp\/v2\/media?parent=178994"}],"wp:term":[{"taxonomy":"category","embeddable":true,"href":"https:\/\/malamboradio.com\/web\/wp-json\/wp\/v2\/categories?post=178994"},{"taxonomy":"post_tag","embeddable":true,"href":"https:\/\/malamboradio.com\/web\/wp-json\/wp\/v2\/tags?post=178994"}],"curies":[{"name":"wp","href":"https:\/\/api.w.org\/{rel}","templated":true}]}}