{"id":177194,"date":"2022-04-14T12:17:21","date_gmt":"2022-04-14T12:17:21","guid":{"rendered":"https:\/\/malamboradio.com\/web\/?p=177194"},"modified":"2022-04-14T12:19:09","modified_gmt":"2022-04-14T12:19:09","slug":"que-grandioso-legado-freddy-rincon-se-inmortalzo-para-el-mundo-del-futbol","status":"publish","type":"post","link":"https:\/\/malamboradio.com\/web\/2022\/04\/14\/que-grandioso-legado-freddy-rincon-se-inmortalzo-para-el-mundo-del-futbol\/","title":{"rendered":"QUE GRANDIOSO LEGADO. FREDDY RINCON SE INMORTALZ\u00d3 PARA EL MUNDO DEL FUTBOL."},"content":{"rendered":"\n<p class=\"has-text-align-justify\">Freddy Rinc\u00f3n, uno de los mejores jugadores de la historia del f\u00fatbol colombiano, hizo parte de la generaci\u00f3n dorada que clasific\u00f3 a los mundiales de 1990, 1994 y 1998 y abri\u00f3 el camino para figuras que triunfaron en el exterior.<\/p>\n\n\n\n<p class=\"has-text-align-justify\">Freddy Eusebio Rinc\u00f3n Valencia marc\u00f3 una \u00e9poca en la Selecci\u00f3n Colombia. Hizo parte de aquella generaci\u00f3n dorada que clasific\u00f3 a tres mundiales consecutivos (1990, 1994 y 1998), al lado de Carlos Valderrama, Leonel \u00c1lvarez, Andr\u00e9s Escobar, Faustino Asprilla, entre otras grandes figuras que dejaron huella en el nuestro balompi\u00e9.<\/p>\n\n\n\n<p class=\"has-text-align-justify\">Con la camiseta de la \u2018Tricolor\u2019 ser\u00e1 recordado siempre por su hist\u00f3rico gol ante Alemania en el Mundial de Italia 90, que represent\u00f3 la clasificaci\u00f3n de Colombia a los octavos de final de esa cita orbital.<\/p>\n\n\n\n<p class=\"has-text-align-justify\">Freddy Rinc\u00f3n dej\u00f3 un gran legado en la Selecci\u00f3n Colombia<br>Freddy disput\u00f3 10 encuentros en copas mundiales (todos como titular), sum\u00f3 874 minutos en cancha y anot\u00f3 un gol.<\/p>\n\n\n\n<p class=\"has-text-align-justify\">Fue estandarte de un combinado nacional que tuvo en \u00e9poca brillante con Francisco \u2018Pacho\u2019 Maturana y Hern\u00e1n Dar\u00edo \u2018Bolillo\u2019 G\u00f3mez.<\/p>\n\n\n\n<p class=\"has-text-align-justify\">Adem\u00e1s del gol recordado en la Copa Mundo de Italia 90, Freddy hizo parte de la plantilla que logr\u00f3 el inolvidable 5-0 de Colombia frente a la Argentina en el estadio Monumental de Buenos Aires, en el a\u00f1o 1993, en el cierre de la eliminatoria al Mundial de Estados Unidos un a\u00f1o m\u00e1s tarde.<\/p>\n\n\n\n<p class=\"has-text-align-justify\">Ese 5 de septiembre, el espigado futbolista marc\u00f3 dos tantos y fue uno de los destacados en una noche m\u00e1gica para el f\u00fatbol cafetero.<\/p>\n\n\n\n<p class=\"has-text-align-justify\">Su primer gol con la camiseta de Colombia lo anot\u00f3 en un juego amistoso ante Egipto disputado el 26 de mayo de 1990 en El Cairo. El \u00faltimo tanto con el cuadro colombiano lo marc\u00f3 el 23 de mayo en 1998, en un juego amistoso ante Escocia en los Estados Unidos.<\/p>\n\n\n\n<p class=\"has-text-align-justify\">Con la camiseta de la Selecci\u00f3n Colombia disput\u00f3 84 compromisos y anot\u00f3 17 tantos.<\/p>\n\n\n\n<p>En Copa Am\u00e9rica<\/p>\n\n\n\n<p class=\"has-text-align-justify\">Con la camiseta de Colombia estuvo presente en tres Copas Am\u00e9rica. En la edici\u00f3n del certamen continental de 1991 hizo parte del elenco orientado por Luis Augusto \u2018Chiqui\u2019 Garc\u00eda donde jug\u00f3 tres partidos, ocupando la cuarta casilla.<\/p>\n\n\n\n<p class=\"has-text-align-justify\">Dos a\u00f1os m\u00e1s tarde estuvo en la plantilla de la \u2018Tricolor\u2019 que se hizo en el tercer lugar del certamen en Ecuador. Disput\u00f3 seis compromisos y anot\u00f3 un gol.<\/p>\n\n\n\n<p class=\"has-text-align-justify\">Su \u00faltima Copa Am\u00e9rica la jug\u00f3 en Uruguay 1995. En esa oportunidad, el cuadro nacional repiti\u00f3 el tercer lugar de la competici\u00f3n y el jugador de Buenaventura festej\u00f3 tres anotaciones.<\/p>\n\n\n\n<p>Freddy Rinc\u00f3n dej\u00f3 un gran legado en la Selecci\u00f3n Colombia<br>El retiro de la \u2018Tricolor\u2019<\/p>\n\n\n\n<p class=\"has-text-align-justify\">Su tercer mundial consecutivo no fue en el mejor momento tanto para \u00e9l como para algunos de sus compa\u00f1eros.<\/p>\n\n\n\n<p class=\"has-text-align-justify\">Luego del fracaso que supuso el Mundial Francia 1998, Freddy Rinc\u00f3n dio un paso al costado en la Selecci\u00f3n Colombia, pero volver\u00eda a ser llamado entre 1999 y 2001 jugando algunos partidos de las eliminatorias para el mundial de Corea y Jap\u00f3n 2002, siendo su \u00faltimo encuentro oficial con la \u2018Tricolor\u2019 una derrota 3-0 frente a la Argentina el 3 de junio de 2001 en Buenos Aires.<\/p>\n\n\n\n<p class=\"has-text-align-justify\">La camiseta # 19 de la Selecci\u00f3n quedara inmortalizada para siempre en el recuerdo y memoria de los colombianos. El nombre de Freddy Rinc\u00f3n ser\u00e1 un referente para las nuevas generaciones del balompi\u00e9 nacional.<\/p>\n\n\n\n<p class=\"has-text-align-justify\">Queremos expresar nuestros sinceros sentimientos de condolencia a sus familiares, amigos, allegados, seguidores de todo el planeta. Nunca habr\u00e1 forma de expresarles lo que se siente perder a uno de nuestros pacientes, quien quiera que sea ese paciente\u201d, agreg\u00f3 el m\u00e9dico.<\/p>\n\n\n\n<p class=\"has-text-align-justify\">Quintero pidi\u00f3 a los aficionados \u201chacer honor y enaltecer la vida de Freddy Eusebio por todas las alegr\u00edas que nos brind\u00f3, por todo lo que nos hizo vibrar\u201d.<\/p>\n\n\n\n<p class=\"has-text-align-justify\">Due\u00f1o de una t\u00e9cnica que lo hizo sobresalir, Rinc\u00f3n form\u00f3 parte de las selecciones colombianas que clasificaron a los mundiales de Italia de 1990, Estados Unidos en 1994 y, cuatro a\u00f1os m\u00e1s tarde, estuvo en Francia.<\/p>\n\n\n\n<p>Paz en su tumba. Dios le acoja en su seno. <\/p>\n","protected":false},"excerpt":{"rendered":"<p>Freddy Rinc\u00f3n, uno de los mejores jugadores de la historia del f\u00fatbol colombiano, hizo parte de la generaci\u00f3n dorada que clasific\u00f3 a los mundiales de 1990, 1994 y 1998 y abri\u00f3 el camino para figuras que triunfaron en el exterior. Freddy Eusebio Rinc\u00f3n Valencia marc\u00f3 una \u00e9poca en la Selecci\u00f3n Colombia. Hizo parte de aquella&#8230;<\/p>\n","protected":false},"author":1,"featured_media":177195,"comment_status":"closed","ping_status":"closed","sticky":false,"template":"","format":"standard","meta":[],"categories":[67,56,79],"tags":[],"jetpack_sharing_enabled":true,"jetpack_featured_media_url":"https:\/\/malamboradio.com\/web\/wp-content\/uploads\/2022\/04\/freddy-rincon_6104093_20220414011434.jpg","_links":{"self":[{"href":"https:\/\/malamboradio.com\/web\/wp-json\/wp\/v2\/posts\/177194"}],"collection":[{"href":"https:\/\/malamboradio.com\/web\/wp-json\/wp\/v2\/posts"}],"about":[{"href":"https:\/\/malamboradio.com\/web\/wp-json\/wp\/v2\/types\/post"}],"author":[{"embeddable":true,"href":"https:\/\/malamboradio.com\/web\/wp-json\/wp\/v2\/users\/1"}],"replies":[{"embeddable":true,"href":"https:\/\/malamboradio.com\/web\/wp-json\/wp\/v2\/comments?post=177194"}],"version-history":[{"count":2,"href":"https:\/\/malamboradio.com\/web\/wp-json\/wp\/v2\/posts\/177194\/revisions"}],"predecessor-version":[{"id":177198,"href":"https:\/\/malamboradio.com\/web\/wp-json\/wp\/v2\/posts\/177194\/revisions\/177198"}],"wp:featuredmedia":[{"embeddable":true,"href":"https:\/\/malamboradio.com\/web\/wp-json\/wp\/v2\/media\/177195"}],"wp:attachment":[{"href":"https:\/\/malamboradio.com\/web\/wp-json\/wp\/v2\/media?parent=177194"}],"wp:term":[{"taxonomy":"category","embeddable":true,"href":"https:\/\/malamboradio.com\/web\/wp-json\/wp\/v2\/categories?post=177194"},{"taxonomy":"post_tag","embeddable":true,"href":"https:\/\/malamboradio.com\/web\/wp-json\/wp\/v2\/tags?post=177194"}],"curies":[{"name":"wp","href":"https:\/\/api.w.org\/{rel}","templated":true}]}}