{"id":171257,"date":"2022-02-14T14:37:09","date_gmt":"2022-02-14T14:37:09","guid":{"rendered":"https:\/\/malamboradio.com\/web\/?p=171257"},"modified":"2022-02-14T14:37:16","modified_gmt":"2022-02-14T14:37:16","slug":"mientras-investigan-su-presunta-vinculacion-con-bandas-de-narcotraficantes-apartan-de-su-cargo-a-general-de-la-republica","status":"publish","type":"post","link":"https:\/\/malamboradio.com\/web\/2022\/02\/14\/mientras-investigan-su-presunta-vinculacion-con-bandas-de-narcotraficantes-apartan-de-su-cargo-a-general-de-la-republica\/","title":{"rendered":"MIENTRAS INVESTIGAN SU PRESUNTA VINCULACION CON BANDAS DE NARCOTRAFICANTES APARTAN DE SU CARGO A GENERAL DE LA REPUBLICA."},"content":{"rendered":"\n<p class=\"has-text-align-justify\">Se trata de Jorge Herrera D\u00edaz, que hasta este domingo fue comandante de la sexta divisi\u00f3n del Ej\u00e9rcito, con jurisdicci\u00f3n en el sur del pa\u00eds. Los hechos a los que hace referencia la instituci\u00f3n tienen que ver con el esc\u00e1ndalo que desat\u00f3 una publicaci\u00f3n period\u00edstica este fin de semana que salpica al alto mando.<\/p>\n\n\n\n<p class=\"has-text-align-justify\">El medio digital Cambio y el telediario Noticias Uno revelaron audios de una conversaci\u00f3n entre Herrera y sus subalternos en julio de 2019 en los que el comandante explica lo que parece ser una alianza con la banda del narcotr\u00e1fico \u2018los Pocillos\u2019.<\/p>\n\n\n\n<p class=\"has-text-align-justify\">\u201cCaliche era el de la parte armada y el de finanzas; Pocillo, [\u2026] hermano, entienda, los manes siguen manejando el narcotr\u00e1fico, siguen delinquiendo. Yo me re\u00fano con ellos, ellos vienen ac\u00e1, hablan conmigo\u201c, se escucha decir a Herrera, entonces comandante en una brigada del departamento del Cauca.<\/p>\n\n\n\n<p class=\"has-text-align-justify\">La publicaci\u00f3n period\u00edstica asegura que en esa reuni\u00f3n se discutieron los acuerdos del Ej\u00e9rcito con \u2018los Pocillos\u2019 para combatir a una facci\u00f3n de las disidencias de las Farc que se margin\u00f3 del acuerdo de paz firmado en 2016, aunque esa parte de la grabaci\u00f3n no fue revelada.<\/p>\n\n\n\n<p class=\"has-text-align-justify\">\u201cEsta es la puta guerra. Entonces, m\u00e1s bobitos nosotros, sabiendo que eso pasa y nosotros no nos queremos convencer\u201d, dice Herrera en otro fragmento de la conversaci\u00f3n publicado por esos medios.<\/p>\n\n\n\n<p class=\"has-text-align-justify\">El Ej\u00e9rcito pidi\u00f3 a la Fiscal\u00eda que investigue no solamente al general, \u201csino al personal militar que pudo participar en mencionada reuni\u00f3n, pues era su obligaci\u00f3n, en el momento, denunciar estas presuntas actividades il\u00edcitas\u201d, seg\u00fan el bolet\u00edn.<\/p>\n\n\n\n<p class=\"has-text-align-justify\">De acuerdo con la investigaci\u00f3n period\u00edstica, Herrera enfrentaba a disidencias de la exguerrilla Farc al mando de alas \u2018Gentil Duarte\u2019, uno de los hombres m\u00e1s buscados del pa\u00eds.<\/p>\n\n\n\n<p class=\"has-text-align-justify\">El hist\u00f3rico acuerdo de paz desarm\u00f3 a unos 13.000 rebeldes de la que fue la guerrilla m\u00e1s poderosa del continente, pero quedaron activos varios frentes hoy conocidos como disidencias que delinquen sin un mando unificado.<\/p>\n","protected":false},"excerpt":{"rendered":"<p>Se trata de Jorge Herrera D\u00edaz, que hasta este domingo fue comandante de la sexta divisi\u00f3n del Ej\u00e9rcito, con jurisdicci\u00f3n en el sur del pa\u00eds. Los hechos a los que hace referencia la instituci\u00f3n tienen que ver con el esc\u00e1ndalo que desat\u00f3 una publicaci\u00f3n period\u00edstica este fin de semana que salpica al alto mando. El&#8230;<\/p>\n","protected":false},"author":1,"featured_media":171260,"comment_status":"closed","ping_status":"closed","sticky":false,"template":"","format":"standard","meta":[],"categories":[68,86,56],"tags":[],"jetpack_sharing_enabled":true,"jetpack_featured_media_url":"https:\/\/malamboradio.com\/web\/wp-content\/uploads\/2022\/02\/general-herrera.webp","_links":{"self":[{"href":"https:\/\/malamboradio.com\/web\/wp-json\/wp\/v2\/posts\/171257"}],"collection":[{"href":"https:\/\/malamboradio.com\/web\/wp-json\/wp\/v2\/posts"}],"about":[{"href":"https:\/\/malamboradio.com\/web\/wp-json\/wp\/v2\/types\/post"}],"author":[{"embeddable":true,"href":"https:\/\/malamboradio.com\/web\/wp-json\/wp\/v2\/users\/1"}],"replies":[{"embeddable":true,"href":"https:\/\/malamboradio.com\/web\/wp-json\/wp\/v2\/comments?post=171257"}],"version-history":[{"count":2,"href":"https:\/\/malamboradio.com\/web\/wp-json\/wp\/v2\/posts\/171257\/revisions"}],"predecessor-version":[{"id":171263,"href":"https:\/\/malamboradio.com\/web\/wp-json\/wp\/v2\/posts\/171257\/revisions\/171263"}],"wp:featuredmedia":[{"embeddable":true,"href":"https:\/\/malamboradio.com\/web\/wp-json\/wp\/v2\/media\/171260"}],"wp:attachment":[{"href":"https:\/\/malamboradio.com\/web\/wp-json\/wp\/v2\/media?parent=171257"}],"wp:term":[{"taxonomy":"category","embeddable":true,"href":"https:\/\/malamboradio.com\/web\/wp-json\/wp\/v2\/categories?post=171257"},{"taxonomy":"post_tag","embeddable":true,"href":"https:\/\/malamboradio.com\/web\/wp-json\/wp\/v2\/tags?post=171257"}],"curies":[{"name":"wp","href":"https:\/\/api.w.org\/{rel}","templated":true}]}}