{"id":171188,"date":"2022-02-13T21:16:42","date_gmt":"2022-02-13T21:16:42","guid":{"rendered":"https:\/\/malamboradio.com\/web\/?p=171188"},"modified":"2022-02-13T21:16:48","modified_gmt":"2022-02-13T21:16:48","slug":"nuevo-aeropuerto-de-cartagena-mas-competitivo-ani","status":"publish","type":"post","link":"https:\/\/malamboradio.com\/web\/2022\/02\/13\/nuevo-aeropuerto-de-cartagena-mas-competitivo-ani\/","title":{"rendered":"NUEVO AEROPUERTO DE CARTAGENA MAS COMPETITIVO. ANI."},"content":{"rendered":"\n<p class=\"has-text-align-justify\">La Agencia Nacional de Infraestructura (ANI) le apuesta a dejar definida, antes de culminar este gobierno, la construcci\u00f3n del nuevo aeropuerto de Cartagena, cerca a Bayunca.<\/p>\n\n\n\n<p class=\"has-text-align-justify\">El nuevo aeropuerto de Cartagena se convertir\u00e1 en el segundo en importancia del pa\u00eds y permitir\u00e1 competir con otros terminales a\u00e9reos de la regi\u00f3n, en especial con el de Tocumen (Panam\u00e1), resalt\u00f3 ayer en Cartagena el presidente de la Agencia Nacional de Infraestructura (ANI), Manuel Felipe Guti\u00e9rrez. <\/p>\n\n\n\n<p class=\"has-text-align-justify\">El proyecto \u201ctiene su factibilidad a punto de cerrarse, solo faltan algunos ajustes para su aprobaci\u00f3n\u201d, dijo.<\/p>\n\n\n\n<p class=\"has-text-align-justify\">\u201cVa a ser el segundo terminal del pa\u00eds, un aeropuerto de unas condiciones bastante altas en lo t\u00e9cnico y con la ubicaci\u00f3n estrat\u00e9gica de Cartagena nos permitir\u00e1 competir con otros aeropuertos de la regi\u00f3n como el de Tocumen (Panam\u00e1), que es el principal hub del Caribe\u201d, enfatiz\u00f3.<\/p>\n\n\n\n<p class=\"has-text-align-justify\">\u201cFalta una serie de ajustes que hay que hacer en la estructuraci\u00f3n del proyecto, ya lo estamos cerrando y apenas se de aprobaci\u00f3n a la factibilidad, pasamos a las aprobaciones correspondientes en el Ministerio de Hacienda y Planeaci\u00f3n Nacional. Creo que quedar\u00e1 listo en esta administraci\u00f3n\u201d, precis\u00f3.<\/p>\n\n\n\n<p class=\"has-text-align-justify\">Se\u00f1al\u00f3 adem\u00e1s que \u201cLo que vamos a dejar previsto y acordado en esta administraci\u00f3n, ojal\u00e1 con el contrato suscrito, es la ampliaci\u00f3n del aeropuerto Rafael N\u00fa\u00f1ez, con una inversi\u00f3n de cerca de $500 mil millones para generar las condiciones necesarias para su adecuada operaci\u00f3n, mientras que se inicia el nuevo aeropuerto de Bayunca\u201d, dijo Guti\u00e9rrez.<\/p>\n","protected":false},"excerpt":{"rendered":"<p>La Agencia Nacional de Infraestructura (ANI) le apuesta a dejar definida, antes de culminar este gobierno, la construcci\u00f3n del nuevo aeropuerto de Cartagena, cerca a Bayunca. El nuevo aeropuerto de Cartagena se convertir\u00e1 en el segundo en importancia del pa\u00eds y permitir\u00e1 competir con otros terminales a\u00e9reos de la regi\u00f3n, en especial con el de&#8230;<\/p>\n","protected":false},"author":1,"featured_media":171189,"comment_status":"closed","ping_status":"closed","sticky":false,"template":"","format":"standard","meta":[],"categories":[78,76,56],"tags":[],"jetpack_sharing_enabled":true,"jetpack_featured_media_url":"https:\/\/malamboradio.com\/web\/wp-content\/uploads\/2022\/02\/ciudadela-aeroportuaria_5851454_20220212093134.jpg","_links":{"self":[{"href":"https:\/\/malamboradio.com\/web\/wp-json\/wp\/v2\/posts\/171188"}],"collection":[{"href":"https:\/\/malamboradio.com\/web\/wp-json\/wp\/v2\/posts"}],"about":[{"href":"https:\/\/malamboradio.com\/web\/wp-json\/wp\/v2\/types\/post"}],"author":[{"embeddable":true,"href":"https:\/\/malamboradio.com\/web\/wp-json\/wp\/v2\/users\/1"}],"replies":[{"embeddable":true,"href":"https:\/\/malamboradio.com\/web\/wp-json\/wp\/v2\/comments?post=171188"}],"version-history":[{"count":2,"href":"https:\/\/malamboradio.com\/web\/wp-json\/wp\/v2\/posts\/171188\/revisions"}],"predecessor-version":[{"id":171194,"href":"https:\/\/malamboradio.com\/web\/wp-json\/wp\/v2\/posts\/171188\/revisions\/171194"}],"wp:featuredmedia":[{"embeddable":true,"href":"https:\/\/malamboradio.com\/web\/wp-json\/wp\/v2\/media\/171189"}],"wp:attachment":[{"href":"https:\/\/malamboradio.com\/web\/wp-json\/wp\/v2\/media?parent=171188"}],"wp:term":[{"taxonomy":"category","embeddable":true,"href":"https:\/\/malamboradio.com\/web\/wp-json\/wp\/v2\/categories?post=171188"},{"taxonomy":"post_tag","embeddable":true,"href":"https:\/\/malamboradio.com\/web\/wp-json\/wp\/v2\/tags?post=171188"}],"curies":[{"name":"wp","href":"https:\/\/api.w.org\/{rel}","templated":true}]}}