{"id":171175,"date":"2022-02-13T20:56:08","date_gmt":"2022-02-13T20:56:08","guid":{"rendered":"https:\/\/malamboradio.com\/web\/?p=171175"},"modified":"2022-02-13T20:56:14","modified_gmt":"2022-02-13T20:56:14","slug":"en-accidente-de-moto-se-mata-en-monteria-profesional-del-periodismo","status":"publish","type":"post","link":"https:\/\/malamboradio.com\/web\/2022\/02\/13\/en-accidente-de-moto-se-mata-en-monteria-profesional-del-periodismo\/","title":{"rendered":"EN ACCIDENTE DE MOTO SE MATA EN MONTERIA PROFESIONAL DEL PERIODISMO ."},"content":{"rendered":"\n<p class=\"has-text-align-justify\">Hab\u00eda estado departiendo con varios amigos en un estadero p\u00fablico de Monter\u00eda y luego sali\u00f3 solo en su motocicleta.<\/p>\n\n\n\n<p class=\"has-text-align-justify\">El comunicador social y periodista, William L\u00f3pez Aguado muri\u00f3 en un accidente de tr\u00e1nsito, ocurrido en la calle 29 con carrera 11, en pleno coraz\u00f3n de Monter\u00eda.<\/p>\n\n\n\n<p class=\"has-text-align-justify\">De acuerdo con las primeras informaciones entregadas por las autoridades, el hecho ocurri\u00f3 en horas de la madrugada, cuando el comunicador, quien iba a bordo de una motocicleta, se estrell\u00f3 contra un poste de energ\u00eda.<\/p>\n\n\n\n<p class=\"has-text-align-justify\">El profesional, de 33 a\u00f1os de edad, se hab\u00eda graduado en la Universidad del Sin\u00fa y luego de eso, hab\u00eda laborado en distintos medios de comunicaci\u00f3n, entre ellos, varios portales digitales de la ciudad.<\/p>\n\n\n\n<p class=\"has-text-align-justify\">&#8220;El deceso fue instant\u00e1neo&#8221;, se\u00f1ala el informe forense, realizado por Medicina Legal, luego del levantamiento del cad\u00e1ver.<\/p>\n\n\n\n<p class=\"has-text-align-justify\">El cuerpo sin vida de L\u00f3pez es velado en la Funeraria Los Olivos de Monter\u00eda y el sepelio se realizar\u00e1 a las 4:00 de la tarde de este domingo.<\/p>\n\n\n\n<p class=\"has-text-align-justify\">Con relaci\u00f3n a las causas del accidente, la Polic\u00eda est\u00e1 adelantando las investigaciones correspondientes, pero no descartan que haya sido un microsue\u00f1o.<\/p>\n\n\n\n<p class=\"has-text-align-justify\">Hay que indicar que con el comunicador, asciende a 57 el n\u00famero de personas que han perdido la vida en accidentes de tr\u00e1nsito en lo que va corrido del a\u00f1o en el departamento de C\u00f3rdoba.<\/p>\n","protected":false},"excerpt":{"rendered":"<p>Hab\u00eda estado departiendo con varios amigos en un estadero p\u00fablico de Monter\u00eda y luego sali\u00f3 solo en su motocicleta. El comunicador social y periodista, William L\u00f3pez Aguado muri\u00f3 en un accidente de tr\u00e1nsito, ocurrido en la calle 29 con carrera 11, en pleno coraz\u00f3n de Monter\u00eda. De acuerdo con las primeras informaciones entregadas por las&#8230;<\/p>\n","protected":false},"author":1,"featured_media":171176,"comment_status":"closed","ping_status":"closed","sticky":false,"template":"","format":"standard","meta":[],"categories":[56,79],"tags":[],"jetpack_sharing_enabled":true,"jetpack_featured_media_url":"https:\/\/malamboradio.com\/web\/wp-content\/uploads\/2022\/02\/william-lopez_5855207_20220213100757.jpg","_links":{"self":[{"href":"https:\/\/malamboradio.com\/web\/wp-json\/wp\/v2\/posts\/171175"}],"collection":[{"href":"https:\/\/malamboradio.com\/web\/wp-json\/wp\/v2\/posts"}],"about":[{"href":"https:\/\/malamboradio.com\/web\/wp-json\/wp\/v2\/types\/post"}],"author":[{"embeddable":true,"href":"https:\/\/malamboradio.com\/web\/wp-json\/wp\/v2\/users\/1"}],"replies":[{"embeddable":true,"href":"https:\/\/malamboradio.com\/web\/wp-json\/wp\/v2\/comments?post=171175"}],"version-history":[{"count":2,"href":"https:\/\/malamboradio.com\/web\/wp-json\/wp\/v2\/posts\/171175\/revisions"}],"predecessor-version":[{"id":171179,"href":"https:\/\/malamboradio.com\/web\/wp-json\/wp\/v2\/posts\/171175\/revisions\/171179"}],"wp:featuredmedia":[{"embeddable":true,"href":"https:\/\/malamboradio.com\/web\/wp-json\/wp\/v2\/media\/171176"}],"wp:attachment":[{"href":"https:\/\/malamboradio.com\/web\/wp-json\/wp\/v2\/media?parent=171175"}],"wp:term":[{"taxonomy":"category","embeddable":true,"href":"https:\/\/malamboradio.com\/web\/wp-json\/wp\/v2\/categories?post=171175"},{"taxonomy":"post_tag","embeddable":true,"href":"https:\/\/malamboradio.com\/web\/wp-json\/wp\/v2\/tags?post=171175"}],"curies":[{"name":"wp","href":"https:\/\/api.w.org\/{rel}","templated":true}]}}