{"id":170083,"date":"2022-01-26T18:58:30","date_gmt":"2022-01-26T18:58:30","guid":{"rendered":"https:\/\/malamboradio.com\/web\/?p=170083"},"modified":"2022-01-26T18:58:34","modified_gmt":"2022-01-26T18:58:34","slug":"cayo-en-soledad-uno-de-los-mas-buscado-por-la-metropolitana","status":"publish","type":"post","link":"https:\/\/malamboradio.com\/web\/2022\/01\/26\/cayo-en-soledad-uno-de-los-mas-buscado-por-la-metropolitana\/","title":{"rendered":"CAY\u00d3 EN SOLEDAD UNO DE LOS MAS BUSCADO POR LA METROPOLITANA"},"content":{"rendered":"\n<p class=\"has-text-align-justify\">Seg\u00fan las autoridades, ser\u00eda uno de los coordinadores de la reestructuraci\u00f3n del grupo delincuencial com\u00fan organizado \u2018Los Rastrojos Coste\u00f1os\u2019, que opera en Barranquilla y su \u00e1rea metropolitana.<\/p>\n\n\n\n<p class=\"has-text-align-justify\">El comandante de la Polic\u00eda Metropolitana de Barranquilla, Brigadier General Luis Carlos Hern\u00e1ndez Aldana, dio a conocer que en las \u00faltimas horas fue capturado en el municipio de Soledad, a uno de los hombres m\u00e1s buscados, quien era requerido mediante orden judicial por los delitos de concierto para delinquir agravado y extorsi\u00f3n agravada.<\/p>\n\n\n\n<p class=\"has-text-align-justify\">Se trata de Kevin Rafael Dom\u00ednguez Romero, alias \u2018Kevin Caracortada\u2019, quien ser\u00eda uno de los coordinadores de la reestructuraci\u00f3n del grupo delincuencial com\u00fan organizado \u2018Los Rastrojos Coste\u00f1os\u2019, presuntamente, siendo uno de los principales dinamizadores de delitos como el homicidio selectivo, la extorsi\u00f3n, entre otros.<\/p>\n\n\n\n<p class=\"has-text-align-justify\">El comandante de la Polic\u00eda Metropolitana de Barranquilla, Brigadier General Luis Carlos Hern\u00e1ndez Aldana, dijo que con esta captura \u201cse le da un golpe contundente a la estructura de \u2018Los Rastrojos Coste\u00f1os\u2019. Hac\u00eda 100 d\u00edas que est\u00e1bamos detr\u00e1s de Kevin Rafael Dom\u00ednguez Romero, alias \u2018Kevin Caracortada\u2019. Este individuo tiene que responder por los delitos de concierto para delinquir agravado y extorsi\u00f3n agravada y presunto dinamizador del delito de homicidio agravado y tentativa del mismo\u201d.<\/p>\n\n\n\n<p class=\"has-text-align-justify\">\u201cEsta persona hac\u00eda parte del ala estructural y obedec\u00eda \u00f3rdenes de alias \u2018El Negro Over\u2019, quien ya tambi\u00e9n fue capturado\u201d, agreg\u00f3.<\/p>\n\n\n\n<p class=\"has-text-align-justify\">Hern\u00e1ndez Aldana manifest\u00f3 que la captura de alias \u2018Kevin Caracortada\u2019 se dio gracias a informaci\u00f3n recopilada por la Seccional de Inteligencia, en articulaci\u00f3n con el Gaula de la Polic\u00eda y la Fiscal\u00eda General de la Naci\u00f3n, mediante diligencia de registro y allanamiento en un inmueble de la calle 63 con carrera 23, barrio Las Moras, de Soledad.<\/p>\n\n\n\n<p class=\"has-text-align-justify\">\u201cEsta persona hac\u00eda parte del cartel de los m\u00e1s buscados y actualmente habr\u00eda sido encargado por alias \u2018El Negro Ober\u2019 de ser la cabeza visible en el reacomodamiento de \u2018Los Rastrojos Coste\u00f1os\u2019, teniendo a su cargo, al parecer, la articulaci\u00f3n de actividades criminales en Soledad y Barranquilla.\u201d, a\u00f1adi\u00f3.<\/p>\n\n\n\n<p class=\"has-text-align-justify\">Sostuvo que, de acuerdo con los elementos materiales probatorios recopilados, alias \u2018Kevin Caracortada\u2019 habr\u00eda participado en los diferentes hechos delictivos de los que fueron objeto empresas y conductores de transporte p\u00fablico, presuntamente, suministrando armas de fuego y delegando funciones a los miembros de la estructura delincuencial.<\/p>\n\n\n\n<p class=\"has-text-align-justify\">\u201cCon esta captura, la Polic\u00eda Metropolitana de Barranquilla logra una afectaci\u00f3n significativa a la estructura \u2018Los Rastrojos Coste\u00f1os\u2019 y un impacto positivo en la disrupci\u00f3n de delitos como el homicidio y la extorsi\u00f3n en Barranquilla y su \u00e1rea metropolitana, mejorando las condiciones de seguridad de los ciudadanos\u201d, apunt\u00f3.<\/p>\n\n\n\n<p class=\"has-text-align-justify\">Termin\u00f3 diciendo que en las tres fases que lleva la estrategia para capturar a los delincuentes, mediante el pago de recompensa a quien los denuncie, \u201chemos capturado a 37, entre los cuales se encuentra este individuo, quien tiene que responder por m\u00e1s de cinco delitos cometidos en Barranquilla\u201d.<\/p>\n","protected":false},"excerpt":{"rendered":"<p>Seg\u00fan las autoridades, ser\u00eda uno de los coordinadores de la reestructuraci\u00f3n del grupo delincuencial com\u00fan organizado \u2018Los Rastrojos Coste\u00f1os\u2019, que opera en Barranquilla y su \u00e1rea metropolitana. El comandante de la Polic\u00eda Metropolitana de Barranquilla, Brigadier General Luis Carlos Hern\u00e1ndez Aldana, dio a conocer que en las \u00faltimas horas fue capturado en el municipio de&#8230;<\/p>\n","protected":false},"author":1,"featured_media":170084,"comment_status":"closed","ping_status":"closed","sticky":false,"template":"","format":"standard","meta":[],"categories":[68,56],"tags":[],"jetpack_sharing_enabled":true,"jetpack_featured_media_url":"https:\/\/malamboradio.com\/web\/wp-content\/uploads\/2022\/01\/carac-cortada_5778498_20220126094256.jpg","_links":{"self":[{"href":"https:\/\/malamboradio.com\/web\/wp-json\/wp\/v2\/posts\/170083"}],"collection":[{"href":"https:\/\/malamboradio.com\/web\/wp-json\/wp\/v2\/posts"}],"about":[{"href":"https:\/\/malamboradio.com\/web\/wp-json\/wp\/v2\/types\/post"}],"author":[{"embeddable":true,"href":"https:\/\/malamboradio.com\/web\/wp-json\/wp\/v2\/users\/1"}],"replies":[{"embeddable":true,"href":"https:\/\/malamboradio.com\/web\/wp-json\/wp\/v2\/comments?post=170083"}],"version-history":[{"count":2,"href":"https:\/\/malamboradio.com\/web\/wp-json\/wp\/v2\/posts\/170083\/revisions"}],"predecessor-version":[{"id":170087,"href":"https:\/\/malamboradio.com\/web\/wp-json\/wp\/v2\/posts\/170083\/revisions\/170087"}],"wp:featuredmedia":[{"embeddable":true,"href":"https:\/\/malamboradio.com\/web\/wp-json\/wp\/v2\/media\/170084"}],"wp:attachment":[{"href":"https:\/\/malamboradio.com\/web\/wp-json\/wp\/v2\/media?parent=170083"}],"wp:term":[{"taxonomy":"category","embeddable":true,"href":"https:\/\/malamboradio.com\/web\/wp-json\/wp\/v2\/categories?post=170083"},{"taxonomy":"post_tag","embeddable":true,"href":"https:\/\/malamboradio.com\/web\/wp-json\/wp\/v2\/tags?post=170083"}],"curies":[{"name":"wp","href":"https:\/\/api.w.org\/{rel}","templated":true}]}}