{"id":170076,"date":"2022-01-26T17:11:52","date_gmt":"2022-01-26T17:11:52","guid":{"rendered":"https:\/\/malamboradio.com\/web\/?p=170076"},"modified":"2022-01-26T17:11:56","modified_gmt":"2022-01-26T17:11:56","slug":"por-presuncion-de-estar-involucrados-con-trafico-de-drogas-capturan-2-agentes-de-policia","status":"publish","type":"post","link":"https:\/\/malamboradio.com\/web\/2022\/01\/26\/por-presuncion-de-estar-involucrados-con-trafico-de-drogas-capturan-2-agentes-de-policia\/","title":{"rendered":"POR PRESUNCION DE ESTAR INVOLUCRADOS CON TRAFICO DE DROGAS CAPTURAN 2 AGENTES DE POLICIA."},"content":{"rendered":"\n<p class=\"has-text-align-justify\">La ma\u00f1ana de este mi\u00e9rcoles se conoci\u00f3 que los dos uniformados de la Polic\u00eda Nacional, laboraban en el sector del barrio Rebolo, suroriente de Barranquilla.<\/p>\n\n\n\n<p class=\"has-text-align-justify\">La detenci\u00f3n se llev\u00f3 a cabo en la estaci\u00f3n de Polic\u00eda del barrio San Jos\u00e9 en momentos que los patrulleros llegaron a formar para posteriormente salir a trabajar.<br>Los patrulleros, de quienes a\u00fan no se han revelado sus identidades, son se\u00f1alados de recibir dinero para permitir el desarrollo de la venta de estupefaciente.<\/p>\n\n\n\n<p class=\"has-text-align-justify\">Despu\u00e9s le\u00eddos su derechos como personas capturadas, los dos patrulleros de la Polic\u00eda fueron trasladados hasta las instalaciones de la Unidad de Reacci\u00f3n Inmediata (URI) de la Fiscal\u00eda, donde quedaron a disposici\u00f3n para ser judicializados. Por su parte la Polic\u00eda Metropolitana de Barranquilla emiti\u00f3 el siguiente comunicado de prensa:<\/p>\n\n\n\n<p class=\"has-text-align-justify\">Comunicado de prensa<br>La Polic\u00eda Metropolitana de Barranquilla se permite informar lo siguiente:<\/p>\n\n\n\n<p class=\"has-text-align-justify\">En el marco de la pol\u00edtica de transparencia institucional, en las \u00faltimas horas, dos funcionarios en el grado de patrullero fueron capturados por unidades de la Seccional de Protecci\u00f3n de la Polic\u00eda Metropolitana.<br>El procedimiento deriv\u00f3 de una investigaci\u00f3n adelantada por la Polic\u00eda contra un grupo de personas que, presuntamente, se dedicaban a la corrupci\u00f3n de alimentos y contaminaci\u00f3n ambiental.<br>Cuatro personas m\u00e1s, presuntamente, tambi\u00e9n hac\u00edan parte de este grupo, por lo que fueron capturadas igualmente.<br>La Polic\u00eda Metropolitana de Barranquilla no tolera que ninguno de sus funcionarios tenga comportamientos que vayan en contra de los lineamientos institucionales.<br>Los dos polic\u00edas capturados, adem\u00e1s la acci\u00f3n penal, son objeto de una indagaci\u00f3n disciplinaria.<br>La Polic\u00eda Metropolitana de Barranquilla aportar\u00e1 a la Fiscal\u00eda los elementos materiales probatorios recopilados en el desarrollo de la investigaci\u00f3n.<\/p>\n\n\n\n<p class=\"has-text-align-justify\">Noticia en desarrollo\u2026<\/p>\n\n\n\n<p><\/p>\n","protected":false},"excerpt":{"rendered":"<p>La ma\u00f1ana de este mi\u00e9rcoles se conoci\u00f3 que los dos uniformados de la Polic\u00eda Nacional, laboraban en el sector del barrio Rebolo, suroriente de Barranquilla. La detenci\u00f3n se llev\u00f3 a cabo en la estaci\u00f3n de Polic\u00eda del barrio San Jos\u00e9 en momentos que los patrulleros llegaron a formar para posteriormente salir a trabajar.Los patrulleros, de&#8230;<\/p>\n","protected":false},"author":1,"featured_media":170077,"comment_status":"closed","ping_status":"closed","sticky":false,"template":"","format":"standard","meta":[],"categories":[65,56],"tags":[],"jetpack_sharing_enabled":true,"jetpack_featured_media_url":"https:\/\/malamboradio.com\/web\/wp-content\/uploads\/2022\/01\/policia_herido.jpg","_links":{"self":[{"href":"https:\/\/malamboradio.com\/web\/wp-json\/wp\/v2\/posts\/170076"}],"collection":[{"href":"https:\/\/malamboradio.com\/web\/wp-json\/wp\/v2\/posts"}],"about":[{"href":"https:\/\/malamboradio.com\/web\/wp-json\/wp\/v2\/types\/post"}],"author":[{"embeddable":true,"href":"https:\/\/malamboradio.com\/web\/wp-json\/wp\/v2\/users\/1"}],"replies":[{"embeddable":true,"href":"https:\/\/malamboradio.com\/web\/wp-json\/wp\/v2\/comments?post=170076"}],"version-history":[{"count":1,"href":"https:\/\/malamboradio.com\/web\/wp-json\/wp\/v2\/posts\/170076\/revisions"}],"predecessor-version":[{"id":170078,"href":"https:\/\/malamboradio.com\/web\/wp-json\/wp\/v2\/posts\/170076\/revisions\/170078"}],"wp:featuredmedia":[{"embeddable":true,"href":"https:\/\/malamboradio.com\/web\/wp-json\/wp\/v2\/media\/170077"}],"wp:attachment":[{"href":"https:\/\/malamboradio.com\/web\/wp-json\/wp\/v2\/media?parent=170076"}],"wp:term":[{"taxonomy":"category","embeddable":true,"href":"https:\/\/malamboradio.com\/web\/wp-json\/wp\/v2\/categories?post=170076"},{"taxonomy":"post_tag","embeddable":true,"href":"https:\/\/malamboradio.com\/web\/wp-json\/wp\/v2\/tags?post=170076"}],"curies":[{"name":"wp","href":"https:\/\/api.w.org\/{rel}","templated":true}]}}