{"id":170061,"date":"2022-01-26T16:42:04","date_gmt":"2022-01-26T16:42:04","guid":{"rendered":"https:\/\/malamboradio.com\/web\/?p=170061"},"modified":"2022-01-26T16:42:56","modified_gmt":"2022-01-26T16:42:56","slug":"por-maltrato-contra-su-novio-juez-envio-a-la-carcel-a-mujer-reincidente","status":"publish","type":"post","link":"https:\/\/malamboradio.com\/web\/2022\/01\/26\/por-maltrato-contra-su-novio-juez-envio-a-la-carcel-a-mujer-reincidente\/","title":{"rendered":"POR MALTRATO CONTRA SU NOVIO  JUEZ ENVIO A LA CARCEL A MUJER REINCIDENTE."},"content":{"rendered":"\n<p class=\"has-text-align-justify\">La Fiscal\u00eda inform\u00f3 que en un primer caso se le aplic\u00f3 el principio de oportunidad y fue dejada en libertad y ahora volvi\u00f3 a agredir a su pareja.<\/p>\n\n\n\n<p class=\"has-text-align-justify\">Las autoridades capturaron a una mujer se\u00f1alada de pegar y maltratar a su pareja sentimental en el municipio de Cartago, Valle del Cauca.<\/p>\n\n\n\n<p class=\"has-text-align-justify\">Afirma la Fiscal\u00eda en un comunicado que el caso de maltrato ocurri\u00f3 en el barrio Jorge Eli\u00e9cer Gait\u00e1n del mencionado municipio, donde tambi\u00e9n fue capturada por miembros del CTI.<\/p>\n\n\n\n<p class=\"has-text-align-justify\">Se indic\u00f3 que estas agresiones est\u00e1n siendo investigadas por un fiscal del Centro de Atenci\u00f3n a V\u00edctimas de Violencia Intramilias (Cavif), de la Seccional Valle del Cauca.<\/p>\n\n\n\n<p class=\"has-text-align-justify\">Seg\u00fan el ente investigador, el material probatorio recaudado evidenci\u00f3 c\u00f3mo el il\u00edcito habr\u00eda sido reiterativo ya que la mujer hab\u00eda sido capturada con orden judicial en 2019 por el mismo delito.<\/p>\n\n\n\n<p class=\"has-text-align-justify\">A la procesada se le aplic\u00f3 el principio de oportunidad y fue dejada en libertad en 2021.<\/p>\n\n\n\n<p class=\"has-text-align-justify\">El comunicado advierte que \u201cEn este mismo a\u00f1o, al parecer, la mujer habr\u00eda incurrido de nuevo en hechos violentos contra su pareja. Este \u00faltimo hecho permiti\u00f3 que de nuevo se solicitara una orden de captura contra\u201d.<\/p>\n\n\n\n<p class=\"has-text-align-justify\">Finalmente se dijo que la Fiscal\u00eda imput\u00f3 el delito de violencia intrafamiliar a la procesada. Un juez decidi\u00f3 que la presunta implicada debe cumplir la medida de aseguramiento en centro carcelario.<\/p>\n","protected":false},"excerpt":{"rendered":"<p>La Fiscal\u00eda inform\u00f3 que en un primer caso se le aplic\u00f3 el principio de oportunidad y fue dejada en libertad y ahora volvi\u00f3 a agredir a su pareja. Las autoridades capturaron a una mujer se\u00f1alada de pegar y maltratar a su pareja sentimental en el municipio de Cartago, Valle del Cauca. Afirma la Fiscal\u00eda en&#8230;<\/p>\n","protected":false},"author":1,"featured_media":170062,"comment_status":"closed","ping_status":"closed","sticky":false,"template":"","format":"standard","meta":[],"categories":[68,56],"tags":[],"jetpack_sharing_enabled":true,"jetpack_featured_media_url":"https:\/\/malamboradio.com\/web\/wp-content\/uploads\/2022\/01\/WhatsApp-Image-2022-01-25-at-14.35.49.jpeg","_links":{"self":[{"href":"https:\/\/malamboradio.com\/web\/wp-json\/wp\/v2\/posts\/170061"}],"collection":[{"href":"https:\/\/malamboradio.com\/web\/wp-json\/wp\/v2\/posts"}],"about":[{"href":"https:\/\/malamboradio.com\/web\/wp-json\/wp\/v2\/types\/post"}],"author":[{"embeddable":true,"href":"https:\/\/malamboradio.com\/web\/wp-json\/wp\/v2\/users\/1"}],"replies":[{"embeddable":true,"href":"https:\/\/malamboradio.com\/web\/wp-json\/wp\/v2\/comments?post=170061"}],"version-history":[{"count":1,"href":"https:\/\/malamboradio.com\/web\/wp-json\/wp\/v2\/posts\/170061\/revisions"}],"predecessor-version":[{"id":170063,"href":"https:\/\/malamboradio.com\/web\/wp-json\/wp\/v2\/posts\/170061\/revisions\/170063"}],"wp:featuredmedia":[{"embeddable":true,"href":"https:\/\/malamboradio.com\/web\/wp-json\/wp\/v2\/media\/170062"}],"wp:attachment":[{"href":"https:\/\/malamboradio.com\/web\/wp-json\/wp\/v2\/media?parent=170061"}],"wp:term":[{"taxonomy":"category","embeddable":true,"href":"https:\/\/malamboradio.com\/web\/wp-json\/wp\/v2\/categories?post=170061"},{"taxonomy":"post_tag","embeddable":true,"href":"https:\/\/malamboradio.com\/web\/wp-json\/wp\/v2\/tags?post=170061"}],"curies":[{"name":"wp","href":"https:\/\/api.w.org\/{rel}","templated":true}]}}