{"id":170026,"date":"2022-01-26T00:56:11","date_gmt":"2022-01-26T00:56:11","guid":{"rendered":"https:\/\/malamboradio.com\/web\/?p=170026"},"modified":"2022-01-26T00:56:15","modified_gmt":"2022-01-26T00:56:15","slug":"disidentes-de-las-farc-asesinan-a-albeiro-camayo-indigena-lider-del-cauca","status":"publish","type":"post","link":"https:\/\/malamboradio.com\/web\/2022\/01\/26\/disidentes-de-las-farc-asesinan-a-albeiro-camayo-indigena-lider-del-cauca\/","title":{"rendered":"DISIDENTES DE LAS FARC ASESINAN A ALBEIRO CAMAYO, INDIGENA LIDER DEL CAUCA."},"content":{"rendered":"\n<p class=\"has-text-align-justify\">Tres comandos de esa guerrilla ingresaron a las Delicias, hostigaron a la comunidad y sacaron de su vivienda al l\u00edder ind\u00edgena para asesinarlo.<\/p>\n\n\n\n<p class=\"has-text-align-justify\">El consejero de la zona Juan Tama, Cauca, Albeiro Camayo fue asesinado por presuntos disidentes de las FARC.<br>Seg\u00fan se dijo, las disidencias Jaime Mart\u00ednez entraron a sangre y fuego en tres comandos a Las Delicias, hostigaron a la comunidad, sacaron Albeiro y lo mataron. Muy lamentable.<\/p>\n\n\n\n<p class=\"has-text-align-justify\">La l\u00edder ind\u00edgena Luis Yonda asegur\u00f3 que fue una sorpresa la muerte del l\u00edder ind\u00edgena, la manera como lo asesinaron. Fue degollado y es una cosa muy tr\u00e1gica.<\/p>\n\n\n\n<p class=\"has-text-align-justify\">Se indic\u00f3 que Albeiro Camayo, desde el 2019, cuando coordinaba la guardia ind\u00edgena regional del CRIC, le ven\u00eda haciendo frente a los grupos armados que aparec\u00edan en su territorio.<\/p>\n\n\n\n<p class=\"has-text-align-justify\">Se dijo que el 25 de julio de ese a\u00f1o entreg\u00f3 estas declaraciones tras un ataque a comunidades ind\u00edgenas: Nos tiran explosivos y nos hacen disparos, pues los compa\u00f1eros que ven\u00edan al lado m\u00edo sufrieron heridas. Afortunadamente sal\u00ed ileso.<\/p>\n\n\n\n<p class=\"has-text-align-justify\">Tambi\u00e9n se dijo que el 3 de octubre de ese mismo a\u00f1o, Albeiro fue encontrado amarrado del cuello y las manos con alambre de p\u00faas luego de ser retenido por hombres armados que le dieron 48 horas de plazo para entregar a un supuesto secuestrado.<br>Trascendi\u00f3 que el Ej\u00e9rcito anunci\u00f3 operativos en la zona para dar con el paradero de los responsables.<\/p>\n\n\n\n<p class=\"has-text-align-justify\">El comandante de la Tercera Divisi\u00f3n del Ej\u00e9rcito, general John Jairo Rojas sostuvo que \u201cYa orden\u00e9 desplegar unas tropas con el fin de dar con el paradero de estos narcoterroristas de la Jaime Mart\u00ednez que ocasionaron la muerte de nuestro l\u00edder ind\u00edgena\u201d<\/p>\n","protected":false},"excerpt":{"rendered":"<p>Tres comandos de esa guerrilla ingresaron a las Delicias, hostigaron a la comunidad y sacaron de su vivienda al l\u00edder ind\u00edgena para asesinarlo. El consejero de la zona Juan Tama, Cauca, Albeiro Camayo fue asesinado por presuntos disidentes de las FARC.Seg\u00fan se dijo, las disidencias Jaime Mart\u00ednez entraron a sangre y fuego en tres comandos&#8230;<\/p>\n","protected":false},"author":1,"featured_media":170029,"comment_status":"closed","ping_status":"closed","sticky":false,"template":"","format":"standard","meta":[],"categories":[65,56],"tags":[],"jetpack_sharing_enabled":true,"jetpack_featured_media_url":"https:\/\/malamboradio.com\/web\/wp-content\/uploads\/2022\/01\/WhatsApp-Image-2022-01-25-at-15.44.37.jpeg","_links":{"self":[{"href":"https:\/\/malamboradio.com\/web\/wp-json\/wp\/v2\/posts\/170026"}],"collection":[{"href":"https:\/\/malamboradio.com\/web\/wp-json\/wp\/v2\/posts"}],"about":[{"href":"https:\/\/malamboradio.com\/web\/wp-json\/wp\/v2\/types\/post"}],"author":[{"embeddable":true,"href":"https:\/\/malamboradio.com\/web\/wp-json\/wp\/v2\/users\/1"}],"replies":[{"embeddable":true,"href":"https:\/\/malamboradio.com\/web\/wp-json\/wp\/v2\/comments?post=170026"}],"version-history":[{"count":1,"href":"https:\/\/malamboradio.com\/web\/wp-json\/wp\/v2\/posts\/170026\/revisions"}],"predecessor-version":[{"id":170030,"href":"https:\/\/malamboradio.com\/web\/wp-json\/wp\/v2\/posts\/170026\/revisions\/170030"}],"wp:featuredmedia":[{"embeddable":true,"href":"https:\/\/malamboradio.com\/web\/wp-json\/wp\/v2\/media\/170029"}],"wp:attachment":[{"href":"https:\/\/malamboradio.com\/web\/wp-json\/wp\/v2\/media?parent=170026"}],"wp:term":[{"taxonomy":"category","embeddable":true,"href":"https:\/\/malamboradio.com\/web\/wp-json\/wp\/v2\/categories?post=170026"},{"taxonomy":"post_tag","embeddable":true,"href":"https:\/\/malamboradio.com\/web\/wp-json\/wp\/v2\/tags?post=170026"}],"curies":[{"name":"wp","href":"https:\/\/api.w.org\/{rel}","templated":true}]}}