{"id":169995,"date":"2022-01-25T23:00:32","date_gmt":"2022-01-25T23:00:32","guid":{"rendered":"https:\/\/malamboradio.com\/web\/?p=169995"},"modified":"2022-01-25T23:03:43","modified_gmt":"2022-01-25T23:03:43","slug":"m-e-n-busca-contratista-que-termine-un-colegio-abandonado-por-extrsion-en-lorica","status":"publish","type":"post","link":"https:\/\/malamboradio.com\/web\/2022\/01\/25\/m-e-n-busca-contratista-que-termine-un-colegio-abandonado-por-extrsion-en-lorica\/","title":{"rendered":"M. E. N. BUSCA  CONTRATISTA QUE TERMINE UN COLEGIO ABANDONADO POR EXTORSION EN LORICA"},"content":{"rendered":"\n<p class=\"has-text-align-justify\"><strong><em>En 30 d\u00edas deber\u00e1 estar lista la reasignaci\u00f3n de obras, pues los ni\u00f1os no tienen forma de reiniciar actividades acad\u00e9micas.<\/em><\/strong><\/p>\n\n\n\n<p class=\"has-text-align-justify\">El Fondo de Financiamiento de la Infraestructura Educativa, adscrito al Ministerio de Educaci\u00f3n, est\u00e1 buscando un nuevo contratista para que termine las obras de la Instituci\u00f3n Educativa El Rodeo, en zona rural de Lorica, la cual est\u00e1 abandonada, seg\u00fan el ente porque se registraron casos de extorsi\u00f3n.<\/p>\n\n\n\n<p class=\"has-text-align-justify\">La obra, para la cual se asign\u00f3 un monto cercano a los 10 mil millones de pesos, est\u00e1 en medio de la maleza y lo peor es que los estudiantes que se beneficiar\u00edan de ella, ahora no tienen forma de reiniciar clases, a menos que sea en otro colegio.<\/p>\n\n\n\n<p class=\"has-text-align-justify\">Los voceros del ministerio indicaron que inicialmente, se suscribi\u00f3 el acuerdo de obra con el Consorcio Motta Engil y el 30 de agosto de 2019 se inform\u00f3 al contratista la terminaci\u00f3n anticipada por incumplimiento de las obligaciones adquiridas para la ejecuci\u00f3n de la fase de construcci\u00f3n.<\/p>\n\n\n\n<p class=\"has-text-align-justify\">Luego de eso, para la continuidad del proyecto se suscribieron los contratos de obra e interventor\u00eda con el Consorcio Infraeducativa 2019 y Constructora A&amp;C S.A. Estos iniciaron el 23 de julio de 2020, en donde se adelant\u00f3 una etapa de ajustes a dise\u00f1os entre el 28 de noviembre de 2020 y el 20 de enero de 2021, para luego iniciar la etapa de construcci\u00f3n el 1 de febrero de 2021.<\/p>\n\n\n\n<p class=\"has-text-align-justify\">Se\u00f1alan adem\u00e1s que en el mes de mayo del a\u00f1o anterior, el proyecto se suspendi\u00f3 debido a situaciones de inseguridad, soportada en la denuncia interpuesta por Jorge Iv\u00e1n Carre\u00f1o Rojas, contratista de la obra, quien se\u00f1al\u00f3 que los estaban extorsionando.<\/p>\n\n\n\n<p class=\"has-text-align-justify\">&#8220;Teniendo en consideraci\u00f3n las amenazas por parte de grupos armados al margen de la ley, las cuales pon\u00edan en riesgo al personal de obra, la interventor\u00eda aval\u00f3 la suspensi\u00f3n, hasta que las autoridades competentes adelantaran las investigaciones respectivas y brindaran las garant\u00edas de seguridad necesarias para la ejecuci\u00f3n del proyecto&#8221;, se\u00f1ala el mencionado fondo.<\/p>\n\n\n\n<p class=\"has-text-align-justify\">Tambi\u00e9n dijeron que en las distintas reuniones que se hab\u00edan hecho el a\u00f1o pasado, el alcalde de Lorica, Jorge Negrete, dijo que frente a esa situaci\u00f3n de orden p\u00fablico, no se disponen de garant\u00edas que permitan brindar seguridad al personal de obra con el prop\u00f3sito de continuar con la ejecuci\u00f3n del proyecto.<\/p>\n\n\n\n<p class=\"has-text-align-justify\">A ra\u00edz de la falta de garant\u00edas, se\u00f1alan los contratistas, el 29 de octubre de 2021 se suscribi\u00f3 el acta de terminaci\u00f3n de com\u00fan acuerdo para los contratos de obra e interventor\u00eda y el 11 de noviembre se remiti\u00f3 un comunicado al Ministerio de Defensa Nacional, con el fin de articular con el municipio de Lorica las medidas de seguridad necesarias para la continuaci\u00f3n en la ejecuci\u00f3n de la obra.<\/p>\n\n\n\n<p class=\"has-text-align-justify\">Finalmente, se indic\u00f3 que actualmente se adelanta el proceso de reasignaci\u00f3n para la ejecuci\u00f3n de la obra, la cual deber\u00e1 estar lista en 30 d\u00edas, y se est\u00e1 trabajando con las autoridades de seguridad para lograr las condiciones que permitan avanzar en el proyecto.<\/p>\n","protected":false},"excerpt":{"rendered":"<p>En 30 d\u00edas deber\u00e1 estar lista la reasignaci\u00f3n de obras, pues los ni\u00f1os no tienen forma de reiniciar actividades acad\u00e9micas. El Fondo de Financiamiento de la Infraestructura Educativa, adscrito al Ministerio de Educaci\u00f3n, est\u00e1 buscando un nuevo contratista para que termine las obras de la Instituci\u00f3n Educativa El Rodeo, en zona rural de Lorica, la&#8230;<\/p>\n","protected":false},"author":1,"featured_media":169999,"comment_status":"closed","ping_status":"closed","sticky":false,"template":"","format":"standard","meta":[],"categories":[65,56],"tags":[],"jetpack_sharing_enabled":true,"jetpack_featured_media_url":"https:\/\/malamboradio.com\/web\/wp-content\/uploads\/2022\/01\/escuela_5776424_20220125145947-1.jpg","_links":{"self":[{"href":"https:\/\/malamboradio.com\/web\/wp-json\/wp\/v2\/posts\/169995"}],"collection":[{"href":"https:\/\/malamboradio.com\/web\/wp-json\/wp\/v2\/posts"}],"about":[{"href":"https:\/\/malamboradio.com\/web\/wp-json\/wp\/v2\/types\/post"}],"author":[{"embeddable":true,"href":"https:\/\/malamboradio.com\/web\/wp-json\/wp\/v2\/users\/1"}],"replies":[{"embeddable":true,"href":"https:\/\/malamboradio.com\/web\/wp-json\/wp\/v2\/comments?post=169995"}],"version-history":[{"count":3,"href":"https:\/\/malamboradio.com\/web\/wp-json\/wp\/v2\/posts\/169995\/revisions"}],"predecessor-version":[{"id":170001,"href":"https:\/\/malamboradio.com\/web\/wp-json\/wp\/v2\/posts\/169995\/revisions\/170001"}],"wp:featuredmedia":[{"embeddable":true,"href":"https:\/\/malamboradio.com\/web\/wp-json\/wp\/v2\/media\/169999"}],"wp:attachment":[{"href":"https:\/\/malamboradio.com\/web\/wp-json\/wp\/v2\/media?parent=169995"}],"wp:term":[{"taxonomy":"category","embeddable":true,"href":"https:\/\/malamboradio.com\/web\/wp-json\/wp\/v2\/categories?post=169995"},{"taxonomy":"post_tag","embeddable":true,"href":"https:\/\/malamboradio.com\/web\/wp-json\/wp\/v2\/tags?post=169995"}],"curies":[{"name":"wp","href":"https:\/\/api.w.org\/{rel}","templated":true}]}}