{"id":169949,"date":"2022-01-24T13:16:57","date_gmt":"2022-01-24T13:16:57","guid":{"rendered":"https:\/\/malamboradio.com\/web\/?p=169949"},"modified":"2022-01-24T13:17:01","modified_gmt":"2022-01-24T13:17:01","slug":"4-8-kilometros-de-canos-han-sido-intervenidos-y-recuperados-en-barranquilla","status":"publish","type":"post","link":"https:\/\/malamboradio.com\/web\/2022\/01\/24\/4-8-kilometros-de-canos-han-sido-intervenidos-y-recuperados-en-barranquilla\/","title":{"rendered":"4.8 KILOMETROS DE CA\u00d1OS HAN SIDO INTERVENIDOS Y RECUPERADOS EN BARRANQUILLA."},"content":{"rendered":"\n<p class=\"has-text-align-justify\">La limpieza y dragado de los ca\u00f1os es un componente fundamental del proyecto de recuperaci\u00f3n del Centro de Barranquilla. Por eso, la intervenci\u00f3n de estos cuerpos de agua que ba\u00f1an esta zona de la ciudad no se detiene.<\/p>\n\n\n\n<p class=\"has-text-align-justify\">A la fecha se ha dragado 4.8 kil\u00f3metros en Las Compa\u00f1\u00edas, Los Tramposos, Mercado y C, lo que significa un 85% de avance. En 2021 se intervinieron 3.700 metros y en 2022 van 1.750.<\/p>\n\n\n\n<p class=\"has-text-align-justify\">La recuperaci\u00f3n de los ca\u00f1os hace parte del proyecto de revitalizaci\u00f3n del Centro de Barranquilla, iniciativa prioritaria del alcalde Jaime Pumarejo que incluye, adem\u00e1s, la transformaci\u00f3n de los mercados y la construcci\u00f3n de nuevos espacios donde se dignifique la labor de los comerciantes y se brinden mejores experiencias de compra para los usuarios.<\/p>\n\n\n\n<p class=\"has-text-align-justify\">Para el alcalde Jaime Pumarejo, los ca\u00f1os dejar\u00e1n de ser una asignatura pendiente para la ciudad. Se trata de un proyecto clave dentro del Plan de Desarrollo \u2018Soy Barranquilla\u2019, que ha recibido el respaldo del Gobierno nacional.<\/p>\n\n\n\n<p class=\"has-text-align-justify\">\u201cLos ca\u00f1os son un anhelo hist\u00f3rico de Barranquilla, pero ya no ser\u00e1n solo un sue\u00f1o, nosotros lo transformamos en un objetivo realizable y por eso ya est\u00e1 en marcha. Son obras que nos acercan cada vez m\u00e1s a ser una Biodiverciudad, a vivir en entornos agradables, donde coexistamos con la naturaleza y se creen las condiciones para la generaci\u00f3n de empleo, desarrollo y oportunidades de crecimiento para quienes han trabajado por muchos a\u00f1os en estos entornos\u201d, afirm\u00f3.<\/p>\n\n\n\n<p class=\"has-text-align-justify\">Barranquilla Verde lidera la iniciativa \u2018Recuperaci\u00f3n Integral del Sistema de Ca\u00f1os del Distrito de Barranquilla\u2019, dentro de la cual se lleva a cabo la limpieza y remoci\u00f3n de material del cauce de los ca\u00f1os mediante el uso de draga de corte, limpieza y remoci\u00f3n de material con retroexcavadora, as\u00ed como el cargue y retiro de material extra\u00eddo del cauce del ca\u00f1o para disposici\u00f3n final a sitio autorizado por la entidad ambiental.<\/p>\n\n\n\n<p class=\"has-text-align-justify\">Seg\u00fan el director de esta dependencia, Henry C\u00e1ceres, la intervenci\u00f3n en los ca\u00f1os reviste una importancia estrat\u00e9gica, por cuanto permite el flujo libre de sus caudales al remover sedimentos, al tiempo que mejora la calidad de vida de la poblaci\u00f3n que trabaja en sus alrededores.<\/p>\n\n\n\n<p class=\"has-text-align-justify\">\u201cLo que queremos es darles una nueva vida a estos ecosistemas y cumplir la visi\u00f3n del alcalde Jaime Pumarejo de convertir los ca\u00f1os en cuerpos de agua que inviten a visitantes a conocer esta zona, que los mercados p\u00fablicos tengan entornos agradables. Bajo esas premisas trabajamos y en este 2022 la meta de ser una Biodiverciudad estar\u00e1 m\u00e1s cerca\u201d, anot\u00f3 C\u00e1ceres.<\/p>\n","protected":false},"excerpt":{"rendered":"<p>La limpieza y dragado de los ca\u00f1os es un componente fundamental del proyecto de recuperaci\u00f3n del Centro de Barranquilla. Por eso, la intervenci\u00f3n de estos cuerpos de agua que ba\u00f1an esta zona de la ciudad no se detiene. A la fecha se ha dragado 4.8 kil\u00f3metros en Las Compa\u00f1\u00edas, Los Tramposos, Mercado y C, lo&#8230;<\/p>\n","protected":false},"author":1,"featured_media":169950,"comment_status":"closed","ping_status":"closed","sticky":false,"template":"","format":"standard","meta":[],"categories":[65,56],"tags":[],"jetpack_sharing_enabled":true,"jetpack_featured_media_url":"https:\/\/malamboradio.com\/web\/wp-content\/uploads\/2022\/01\/Avanza-la-recuperacion-de-los-canos-de-Barranquilla-4.8-kilometros-se-han-intervenido.jpeg","_links":{"self":[{"href":"https:\/\/malamboradio.com\/web\/wp-json\/wp\/v2\/posts\/169949"}],"collection":[{"href":"https:\/\/malamboradio.com\/web\/wp-json\/wp\/v2\/posts"}],"about":[{"href":"https:\/\/malamboradio.com\/web\/wp-json\/wp\/v2\/types\/post"}],"author":[{"embeddable":true,"href":"https:\/\/malamboradio.com\/web\/wp-json\/wp\/v2\/users\/1"}],"replies":[{"embeddable":true,"href":"https:\/\/malamboradio.com\/web\/wp-json\/wp\/v2\/comments?post=169949"}],"version-history":[{"count":1,"href":"https:\/\/malamboradio.com\/web\/wp-json\/wp\/v2\/posts\/169949\/revisions"}],"predecessor-version":[{"id":169951,"href":"https:\/\/malamboradio.com\/web\/wp-json\/wp\/v2\/posts\/169949\/revisions\/169951"}],"wp:featuredmedia":[{"embeddable":true,"href":"https:\/\/malamboradio.com\/web\/wp-json\/wp\/v2\/media\/169950"}],"wp:attachment":[{"href":"https:\/\/malamboradio.com\/web\/wp-json\/wp\/v2\/media?parent=169949"}],"wp:term":[{"taxonomy":"category","embeddable":true,"href":"https:\/\/malamboradio.com\/web\/wp-json\/wp\/v2\/categories?post=169949"},{"taxonomy":"post_tag","embeddable":true,"href":"https:\/\/malamboradio.com\/web\/wp-json\/wp\/v2\/tags?post=169949"}],"curies":[{"name":"wp","href":"https:\/\/api.w.org\/{rel}","templated":true}]}}