{"id":169943,"date":"2022-01-24T13:00:32","date_gmt":"2022-01-24T13:00:32","guid":{"rendered":"https:\/\/malamboradio.com\/web\/?p=169943"},"modified":"2022-01-24T13:00:38","modified_gmt":"2022-01-24T13:00:38","slug":"hoy-lunes-24-de-enero-inician-clases-presenciales-las-escuelas-oficiales-de-todo-el-pais","status":"publish","type":"post","link":"https:\/\/malamboradio.com\/web\/2022\/01\/24\/hoy-lunes-24-de-enero-inician-clases-presenciales-las-escuelas-oficiales-de-todo-el-pais\/","title":{"rendered":"HOY LUNES 24 DE ENERO INICIAN CLASES PRESENCIALES LAS ESCUELAS OFICIALES DE TODO EL PAIS."},"content":{"rendered":"\n<p class=\"has-text-align-justify\"><strong><em>En Bogot\u00e1 se espera que los planteles oficiales reciban alrededor de 800 mil ni\u00f1os y j\u00f3venes en sus aulas.<\/em><\/strong><\/p>\n\n\n\n<p class=\"has-text-align-justify\">Todas las instituciones educativas del pa\u00eds regresan a las aulas este lunes 24 de enero despu\u00e9s de dos a\u00f1os de pandemia y est\u00e1 vez con la protecci\u00f3n de la vacuna contra el COVID-19.<\/p>\n\n\n\n<p class=\"has-text-align-justify\">Varios padres de familia llevaron a sus hijos a los puntos de vacunaci\u00f3n a escasas horas de que los colegios oficiales abran sus puertas en Bogot\u00e1.<\/p>\n\n\n\n<p class=\"has-text-align-justify\">Trascendi\u00f3 que los planteles educativos est\u00e1n listos para recibir a m\u00e1s de 800 mil ni\u00f1os y j\u00f3venes de la capital del pa\u00eds, quienes tendr\u00e1n la oportunidad de vacunarse en m\u00e1s de 20 puntos m\u00f3viles que estar\u00e1n visitando las aulas.<\/p>\n\n\n\n<p class=\"has-text-align-justify\">\u00c9dgar Riveros Leal, rector del colegio Enrique Olaya Herrera, afirm\u00f3 que el regreso es destacado por el sector educativo. \u201cEl nivel acad\u00e9mico se puede recuperar, la socializaci\u00f3n es un aspecto muy importante en su desarrollo, volver a disfrutar la din\u00e1mica de la escuela que son \u00fanicas manera presencial diferente a lo virtual\u201d.<\/p>\n\n\n\n<p class=\"has-text-align-justify\">De dijo finalmente que desde este 23 de enero, y hasta el 29, los planteles educativos contar\u00e1n con acompa\u00f1amiento epidemiol\u00f3gico y de vacunaci\u00f3n en Bogot\u00e1.<\/p>\n","protected":false},"excerpt":{"rendered":"<p>En Bogot\u00e1 se espera que los planteles oficiales reciban alrededor de 800 mil ni\u00f1os y j\u00f3venes en sus aulas. Todas las instituciones educativas del pa\u00eds regresan a las aulas este lunes 24 de enero despu\u00e9s de dos a\u00f1os de pandemia y est\u00e1 vez con la protecci\u00f3n de la vacuna contra el COVID-19. Varios padres de&#8230;<\/p>\n","protected":false},"author":1,"featured_media":169944,"comment_status":"closed","ping_status":"closed","sticky":false,"template":"","format":"standard","meta":[],"categories":[78,65,56],"tags":[],"jetpack_sharing_enabled":true,"jetpack_featured_media_url":"https:\/\/malamboradio.com\/web\/wp-content\/uploads\/2022\/01\/fac74ddf-6a69-4e0e-85e0-7b59dde401f2.jpg","_links":{"self":[{"href":"https:\/\/malamboradio.com\/web\/wp-json\/wp\/v2\/posts\/169943"}],"collection":[{"href":"https:\/\/malamboradio.com\/web\/wp-json\/wp\/v2\/posts"}],"about":[{"href":"https:\/\/malamboradio.com\/web\/wp-json\/wp\/v2\/types\/post"}],"author":[{"embeddable":true,"href":"https:\/\/malamboradio.com\/web\/wp-json\/wp\/v2\/users\/1"}],"replies":[{"embeddable":true,"href":"https:\/\/malamboradio.com\/web\/wp-json\/wp\/v2\/comments?post=169943"}],"version-history":[{"count":1,"href":"https:\/\/malamboradio.com\/web\/wp-json\/wp\/v2\/posts\/169943\/revisions"}],"predecessor-version":[{"id":169945,"href":"https:\/\/malamboradio.com\/web\/wp-json\/wp\/v2\/posts\/169943\/revisions\/169945"}],"wp:featuredmedia":[{"embeddable":true,"href":"https:\/\/malamboradio.com\/web\/wp-json\/wp\/v2\/media\/169944"}],"wp:attachment":[{"href":"https:\/\/malamboradio.com\/web\/wp-json\/wp\/v2\/media?parent=169943"}],"wp:term":[{"taxonomy":"category","embeddable":true,"href":"https:\/\/malamboradio.com\/web\/wp-json\/wp\/v2\/categories?post=169943"},{"taxonomy":"post_tag","embeddable":true,"href":"https:\/\/malamboradio.com\/web\/wp-json\/wp\/v2\/tags?post=169943"}],"curies":[{"name":"wp","href":"https:\/\/api.w.org\/{rel}","templated":true}]}}