{"id":169456,"date":"2022-01-17T17:17:21","date_gmt":"2022-01-17T17:17:21","guid":{"rendered":"https:\/\/malamboradio.com\/web\/?p=169456"},"modified":"2022-01-17T17:20:45","modified_gmt":"2022-01-17T17:20:45","slug":"169456","status":"publish","type":"post","link":"https:\/\/malamboradio.com\/web\/2022\/01\/17\/169456\/","title":{"rendered":"CAPTURAN Y DETIENEN A CRIMINAL DE LA MALETA EN BUCARAMANGA"},"content":{"rendered":"\n<p class=\"has-text-align-justify\">Desafortunamente la imagen de la ciudad de Bucaramanga se ha visto empa\u00f1ada ante la barbarie del ex agente de policia, quien ante un juez de control de garant\u00edas de esta ciudad, este domingo, Ardila confes\u00f3 que asesin\u00f3 a la joven, trabajadora sexual, \u201cporque no ten\u00eda dinero para pagarle por sus servicios\u201d,. <\/p>\n\n\n\n<p class=\"has-text-align-justify\">Hombre que asesin\u00f3 y empac\u00f3 a mujer en una maleta era polic\u00eda: este es su pasado El confeso asesino fue identificado como Edwin Yesid Ardila, de 33 a\u00f1os, y acept\u00f3 el crimen de Julieth Jhoann \u00c1lvarez Mej\u00eda, de 22 a\u00f1os.<\/p>\n\n\n\n<p class=\"has-text-align-justify\">El acusado asfixi\u00f3 a \u00c1lvarez Mej\u00eda dentro de un apartamento, la empac\u00f3 en una maleta y abandon\u00f3 su cuerpo en un basurero cerca del Parque Antonia Santos, en la noche del pasado viernes 14 de enero. Lo \u00faltimo qued\u00f3 evidenciado en un video.<\/p>\n\n\n\n<p class=\"has-text-align-justify\">Posteriormente, Ardila fue capturado por el se\u00f1alamiento de algunos testigos. Durante la audiencia de imputaci\u00f3n de cargos se conoci\u00f3 que estuvo laborando con la Polic\u00eda Nacional, aunque se desconoce el grado y la unidad para la que prestaba sus servicios.<\/p>\n\n\n\n<p class=\"has-text-align-justify\">Adem\u00e1s, el fiscal del caso revel\u00f3 que Ardila fue desvinculado de la instituci\u00f3n hace 10 a\u00f1os \u201cpor tener problemas psicol\u00f3gicos y con sustancias alucin\u00f3genas\u201d, a\u00f1adi\u00f3 la emisora.<\/p>\n\n\n\n<p class=\"has-text-align-justify\">\u201cEse individuo est\u00e1 a \u00f3rdenes de la justicia con medida de aseguramiento. El sujeto se allan\u00f3 a los cargos. La mujer ten\u00eda 2 hijos y estaba en Bucaramanga hace 6 meses, aproximadamente\u201d, manifest\u00f3 el general Samuel Bernal, comandante de la Polic\u00eda de Santander.<\/p>\n\n\n\n<p class=\"has-text-align-justify\">Por su parte, la emisora consult\u00f3 a la experta en psicolog\u00eda Sonia Ayala, que habl\u00f3 sobre el caso y mencion\u00f3: \u201cEs una persona con fuertes trastornos mentales. Ni siquiera pens\u00f3 lo que hab\u00eda hecho, la \u00fanica soluci\u00f3n que encuentra en deshacerse de la mujer\u201d.<\/p>\n","protected":false},"excerpt":{"rendered":"<p>Desafortunamente la imagen de la ciudad de Bucaramanga se ha visto empa\u00f1ada ante la barbarie del ex agente de policia, quien ante un juez de control de garant\u00edas de esta ciudad, este domingo, Ardila confes\u00f3 que asesin\u00f3 a la joven, trabajadora sexual, \u201cporque no ten\u00eda dinero para pagarle por sus servicios\u201d,. Hombre que asesin\u00f3 y&#8230;<\/p>\n","protected":false},"author":1,"featured_media":169457,"comment_status":"closed","ping_status":"closed","sticky":false,"template":"","format":"standard","meta":[],"categories":[68,56],"tags":[],"jetpack_sharing_enabled":true,"jetpack_featured_media_url":"https:\/\/malamboradio.com\/web\/wp-content\/uploads\/2022\/01\/depositphotos_128988822-stock-photo-bucaramanga-santander-cityscape.jpg","_links":{"self":[{"href":"https:\/\/malamboradio.com\/web\/wp-json\/wp\/v2\/posts\/169456"}],"collection":[{"href":"https:\/\/malamboradio.com\/web\/wp-json\/wp\/v2\/posts"}],"about":[{"href":"https:\/\/malamboradio.com\/web\/wp-json\/wp\/v2\/types\/post"}],"author":[{"embeddable":true,"href":"https:\/\/malamboradio.com\/web\/wp-json\/wp\/v2\/users\/1"}],"replies":[{"embeddable":true,"href":"https:\/\/malamboradio.com\/web\/wp-json\/wp\/v2\/comments?post=169456"}],"version-history":[{"count":2,"href":"https:\/\/malamboradio.com\/web\/wp-json\/wp\/v2\/posts\/169456\/revisions"}],"predecessor-version":[{"id":169461,"href":"https:\/\/malamboradio.com\/web\/wp-json\/wp\/v2\/posts\/169456\/revisions\/169461"}],"wp:featuredmedia":[{"embeddable":true,"href":"https:\/\/malamboradio.com\/web\/wp-json\/wp\/v2\/media\/169457"}],"wp:attachment":[{"href":"https:\/\/malamboradio.com\/web\/wp-json\/wp\/v2\/media?parent=169456"}],"wp:term":[{"taxonomy":"category","embeddable":true,"href":"https:\/\/malamboradio.com\/web\/wp-json\/wp\/v2\/categories?post=169456"},{"taxonomy":"post_tag","embeddable":true,"href":"https:\/\/malamboradio.com\/web\/wp-json\/wp\/v2\/tags?post=169456"}],"curies":[{"name":"wp","href":"https:\/\/api.w.org\/{rel}","templated":true}]}}