{"id":169369,"date":"2022-01-16T14:07:30","date_gmt":"2022-01-16T14:07:30","guid":{"rendered":"https:\/\/malamboradio.com\/web\/?p=169369"},"modified":"2022-01-16T14:07:35","modified_gmt":"2022-01-16T14:07:35","slug":"yhoiner-leal-capturado-como-presunto-autor-de-los-asesinatos-de-su-hermano-y-de-su-madre","status":"publish","type":"post","link":"https:\/\/malamboradio.com\/web\/2022\/01\/16\/yhoiner-leal-capturado-como-presunto-autor-de-los-asesinatos-de-su-hermano-y-de-su-madre\/","title":{"rendered":"YHOINER LEAL. CAPTURADO COMO PRESUNTO AUTOR DE LOS ASESINATOS DE SU HERMANO Y DE SU MADRE."},"content":{"rendered":"\n<p class=\"has-text-align-justify\">El abogado defensor de Leal apel\u00f3 la decisi\u00f3n y la audiencia continuar\u00e1 este lunes, cuando se decidir\u00e1 si se le impone medida de aseguramiento.<\/p>\n\n\n\n<p class=\"has-text-align-justify\">La juez 14 de garant\u00edas de Bogot\u00e1 legaliz\u00f3 en la madrugada de este domingo la captura de Yhoiner Leal Hern\u00e1ndez, capturado el viernes pasado como presunto autor del homicidio de su hermano, Mauricio Leal, y de su madre, Marleny Hern\u00e1ndez Tabares. Lea: Capturan a hermano de Mauricio Leal por asesinato del estilista y su madre<\/p>\n\n\n\n<p class=\"has-text-align-justify\">La funcionaria determin\u00f3 que la captura estuvo ajustada a la ley, as\u00ed como los allanamientos y decomisos realizados por la Fiscal\u00eda General de la Naci\u00f3n. El abogado defensor de Leal apel\u00f3 la decisi\u00f3n y la audiencia continuar\u00e1 este lunes, cuando se decidir\u00e1 si se le impone medida de aseguramiento.<\/p>\n\n\n\n<p class=\"has-text-align-justify\">A Yhonier Leal se le acusa de cometer el doble crimen, que se registr\u00f3 en la madrugada del pasado 21 de noviembre de 2021, en zona rural del municipio de La Calera, en las afueras de Bogot\u00e1. Lea: Mauricio Leal: la reacci\u00f3n de los famosos con la captura de su hermano<\/p>\n\n\n\n<p class=\"has-text-align-justify\">Aunque en un principio, el caso se present\u00f3 como un suicidio, porque se encontr\u00f3 una carta aparentemente de pu\u00f1o y letra de Mauricio Leal, las investigaciones de la Fiscal\u00eda condujeron a determinar que de lo que se trat\u00f3 fue de un caso de doble homicidio. Yhonier Leal, quien fue el primero en encontrar los cad\u00e1veres de su hermano y de su madre, se convirti\u00f3 en ese momento en el principal sospechoso.<\/p>\n\n\n\n<p class=\"has-text-align-justify\">La Fiscal\u00eda tambi\u00e9n embargo y secuestr\u00f3 dos bienes inmuebles, dos autom\u00f3viles, una motocicleta y otros bienes avaluados en $4.022 millones, que se encontraban en la casa de La Calera y en Cajic\u00e1 y Bogot\u00e1, y que eran propiedad de Mauricio Leal Hern\u00e1ndez.<\/p>\n\n\n\n<p class=\"has-text-align-justify\">La entidad evidenci\u00f3 que hab\u00eda incrementos patrimoniales por justificar derivados, presuntamente, del lavado de activos.<\/p>\n","protected":false},"excerpt":{"rendered":"<p>El abogado defensor de Leal apel\u00f3 la decisi\u00f3n y la audiencia continuar\u00e1 este lunes, cuando se decidir\u00e1 si se le impone medida de aseguramiento. La juez 14 de garant\u00edas de Bogot\u00e1 legaliz\u00f3 en la madrugada de este domingo la captura de Yhoiner Leal Hern\u00e1ndez, capturado el viernes pasado como presunto autor del homicidio de su&#8230;<\/p>\n","protected":false},"author":1,"featured_media":169370,"comment_status":"closed","ping_status":"closed","sticky":false,"template":"","format":"standard","meta":[],"categories":[68,56],"tags":[],"jetpack_sharing_enabled":true,"jetpack_featured_media_url":"https:\/\/malamboradio.com\/web\/wp-content\/uploads\/2022\/01\/jhonier-leal_5735781_20220116082341.jpg","_links":{"self":[{"href":"https:\/\/malamboradio.com\/web\/wp-json\/wp\/v2\/posts\/169369"}],"collection":[{"href":"https:\/\/malamboradio.com\/web\/wp-json\/wp\/v2\/posts"}],"about":[{"href":"https:\/\/malamboradio.com\/web\/wp-json\/wp\/v2\/types\/post"}],"author":[{"embeddable":true,"href":"https:\/\/malamboradio.com\/web\/wp-json\/wp\/v2\/users\/1"}],"replies":[{"embeddable":true,"href":"https:\/\/malamboradio.com\/web\/wp-json\/wp\/v2\/comments?post=169369"}],"version-history":[{"count":1,"href":"https:\/\/malamboradio.com\/web\/wp-json\/wp\/v2\/posts\/169369\/revisions"}],"predecessor-version":[{"id":169371,"href":"https:\/\/malamboradio.com\/web\/wp-json\/wp\/v2\/posts\/169369\/revisions\/169371"}],"wp:featuredmedia":[{"embeddable":true,"href":"https:\/\/malamboradio.com\/web\/wp-json\/wp\/v2\/media\/169370"}],"wp:attachment":[{"href":"https:\/\/malamboradio.com\/web\/wp-json\/wp\/v2\/media?parent=169369"}],"wp:term":[{"taxonomy":"category","embeddable":true,"href":"https:\/\/malamboradio.com\/web\/wp-json\/wp\/v2\/categories?post=169369"},{"taxonomy":"post_tag","embeddable":true,"href":"https:\/\/malamboradio.com\/web\/wp-json\/wp\/v2\/tags?post=169369"}],"curies":[{"name":"wp","href":"https:\/\/api.w.org\/{rel}","templated":true}]}}