{"id":168288,"date":"2021-12-27T18:21:15","date_gmt":"2021-12-27T18:21:15","guid":{"rendered":"https:\/\/malamboradio.com\/web\/?p=168288"},"modified":"2021-12-27T18:21:21","modified_gmt":"2021-12-27T18:21:21","slug":"accidentado-otro-cantante-vallenato-su-manager-murio-en-el-accidente-2","status":"publish","type":"post","link":"https:\/\/malamboradio.com\/web\/2021\/12\/27\/accidentado-otro-cantante-vallenato-su-manager-murio-en-el-accidente-2\/","title":{"rendered":"ACCIDENTADO OTRO CANTANTE VALLENATO. SU MANAGER MURIO EN EL ACCIDENTE"},"content":{"rendered":"\n<p class=\"has-text-align-justify\">Los hechos ocurrieron luego de una presentaci\u00f3n del cantante en el Festival de Compositores en Patillal.<br>El cantante Daniel Castro tuvo un grave accidente de tr\u00e1nsito que dej\u00f3 una v\u00edctima mortal y varios heridos de gravedad. Los hechos ocurrieron cuando el artista, junto a su representante y otros amigos, volv\u00edan de una presentaci\u00f3n en el Festival de Compositores en Patillal.<\/p>\n\n\n\n<p class=\"has-text-align-justify\">Seg\u00fan los reportes oficiales, el hecho ocurri\u00f3 en la ma\u00f1ana del domingo, en el kil\u00f3metro 3, en la v\u00eda entre San Juan del Cesar y Valledupar, mientras el cantante viajaba en una camioneta Toyota Hilux de placas RCM-056, cuando, al parecer, esta invadi\u00f3 el carril contrario y choc\u00f3 con una motocicleta de placas YRD-36F, manejada por un hombre de 36 a\u00f1os identificado como Pedro Marriaga Orozco, quien result\u00f3 lesionado con trauma en cadera, en rostro y en extremidad superior e inferior izquierda; y terminando contra un \u00e1rbol.<\/p>\n\n\n\n<p class=\"has-text-align-justify\">Jorge Santana, de 22 a\u00f1os, era el conductor de la camioneta y el representante del cantante, sufri\u00f3 un trauma craneoencef\u00e1lico severo y politraumatismo en diferentes partes del cuerpo, lo que le caus\u00f3 la muerte.<\/p>\n\n\n\n<p class=\"has-text-align-justify\">En el hecho tambi\u00e9n resultaron heridos el cantante de m\u00fasica vallenata Daniel Enrique Castro, quien sufri\u00f3 trauma en cr\u00e1neo, t\u00f3rax, extremidades superior e inferior derecha y laceraciones en diferentes partes del cuerpo; Carolina Rodr\u00edguez, lesionada con trauma craneoencef\u00e1lico severo, fractura extremidad inferior izquierda y fractura extremidad superior derecha; Carlos Alberto Romero, resulta lesionado con trauma en cr\u00e1neo, t\u00f3rax, pelvis y trauma en extremidad inferior derecha; y Joaqu\u00edn Gonz\u00e1lez, lesionado con trauma cervical, luxaci\u00f3n de cadera izquierda y trauma de cr\u00e1neo.<\/p>\n\n\n\n<p class=\"has-text-align-justify\">El artista fue trasladado a una cl\u00ednica de la capital del Cesar donde sus familiares y allegados esperan pronta recuperaci\u00f3n.<\/p>\n","protected":false},"excerpt":{"rendered":"<p>Los hechos ocurrieron luego de una presentaci\u00f3n del cantante en el Festival de Compositores en Patillal.El cantante Daniel Castro tuvo un grave accidente de tr\u00e1nsito que dej\u00f3 una v\u00edctima mortal y varios heridos de gravedad. Los hechos ocurrieron cuando el artista, junto a su representante y otros amigos, volv\u00edan de una presentaci\u00f3n en el Festival&#8230;<\/p>\n","protected":false},"author":1,"featured_media":168287,"comment_status":"closed","ping_status":"closed","sticky":false,"template":"","format":"standard","meta":[],"categories":[13,65,56],"tags":[],"jetpack_sharing_enabled":true,"jetpack_featured_media_url":"https:\/\/malamboradio.com\/web\/wp-content\/uploads\/2021\/12\/accidente-daniel-castro_5660185_20211227103757.jpg","_links":{"self":[{"href":"https:\/\/malamboradio.com\/web\/wp-json\/wp\/v2\/posts\/168288"}],"collection":[{"href":"https:\/\/malamboradio.com\/web\/wp-json\/wp\/v2\/posts"}],"about":[{"href":"https:\/\/malamboradio.com\/web\/wp-json\/wp\/v2\/types\/post"}],"author":[{"embeddable":true,"href":"https:\/\/malamboradio.com\/web\/wp-json\/wp\/v2\/users\/1"}],"replies":[{"embeddable":true,"href":"https:\/\/malamboradio.com\/web\/wp-json\/wp\/v2\/comments?post=168288"}],"version-history":[{"count":1,"href":"https:\/\/malamboradio.com\/web\/wp-json\/wp\/v2\/posts\/168288\/revisions"}],"predecessor-version":[{"id":168289,"href":"https:\/\/malamboradio.com\/web\/wp-json\/wp\/v2\/posts\/168288\/revisions\/168289"}],"wp:featuredmedia":[{"embeddable":true,"href":"https:\/\/malamboradio.com\/web\/wp-json\/wp\/v2\/media\/168287"}],"wp:attachment":[{"href":"https:\/\/malamboradio.com\/web\/wp-json\/wp\/v2\/media?parent=168288"}],"wp:term":[{"taxonomy":"category","embeddable":true,"href":"https:\/\/malamboradio.com\/web\/wp-json\/wp\/v2\/categories?post=168288"},{"taxonomy":"post_tag","embeddable":true,"href":"https:\/\/malamboradio.com\/web\/wp-json\/wp\/v2\/tags?post=168288"}],"curies":[{"name":"wp","href":"https:\/\/api.w.org\/{rel}","templated":true}]}}