{"id":163049,"date":"2021-09-03T19:48:28","date_gmt":"2021-09-03T19:48:28","guid":{"rendered":"https:\/\/malamboradio.com\/web\/?p=163049"},"modified":"2021-09-03T19:48:32","modified_gmt":"2021-09-03T19:48:32","slug":"a-prision-por-abuso-sexual-contra-su-hermanita-de-9-anos","status":"publish","type":"post","link":"https:\/\/malamboradio.com\/web\/2021\/09\/03\/a-prision-por-abuso-sexual-contra-su-hermanita-de-9-anos\/","title":{"rendered":"A PRISION POR ABUSO SEXUAL CONTRA SU HERMANITA  DE 9 A\u00d1OS.."},"content":{"rendered":"\n<p class=\"has-text-align-justify\"><strong><em>El padrastro del abusador y  padre  de la peque\u00f1a lo denunci\u00f3 ante las autoridades. Un juez le dio medida de aseguramiento. Lo que hab\u00edan sospechado, lamentablemente era una realidad.<\/em><\/strong><\/p>\n\n\n\n<p class=\"has-text-align-justify\">El padre de esta menor  de 9 a\u00f1os, nunca  imagin\u00f3  lo que estaba haciendo otro de sus hijos con la menor era cierto. Parece ser  que ser\u00eda la misma ni\u00f1a quien le habr\u00eda comentado lo que su hermanastro le estar\u00eda haciendo, en la que le describi\u00f3 que ese sujeto estar\u00eda cometiendo con ella actos sexuales abusivos.<\/p>\n\n\n\n<p class=\"has-text-align-justify\">Los hechos se registraron el pasado 10 de agosto en un municipio del norte de Bol\u00edvar y de inmediato el padre de la ni\u00f1a acudi\u00f3 ante las autoridades con el fin de que su otro hijo respondiera por este aberrante caso de abuso sexual.<\/p>\n\n\n\n<p class=\"has-text-align-justify\">El juez del caso decidi\u00f3 cobijarlo con medida de aseguramiento en centro carcelario.  Con la informaci\u00f3n obtenida, los investigadores de la Polic\u00eda de Bol\u00edvar, junto con personal especializado, se dieron a la tarea de buscar testimonios y todo el material probatorio con el fin de que el responsable pudiera responder ante las autoridades de este delito conocido como abuso sexual con menor de 14 a\u00f1os. As\u00ed dieron inicio a la investigaci\u00f3n, por lo que llegaron hasta la vivienda donde vive la peque\u00f1a con su familia, en la que tambi\u00e9n reside el victimario. <\/p>\n\n\n\n<p class=\"has-text-align-justify\">Con las entrevistas realizada y las pruebas obtenidas en las que particip\u00f3 la Fiscal\u00eda General de la Naci\u00f3n, se logr\u00f3 que el Juzgado Promiscuo Municipal de Santa Rosa de Lima expidiera una orden de captura contra el propio hermano de la ni\u00f1a de 9 a\u00f1os, la cual se materializ\u00f3 logrando la aprehensi\u00f3n del presunto responsable.<\/p>\n\n\n\n<p class=\"has-text-align-justify\">Tras la legalizaci\u00f3n de su captura y la audiencia de imputaci\u00f3n de cargos, el juez del caso decidi\u00f3 cobijarlo con medida de aseguramiento en centro carcelario, pero el presunto abusador no se allan\u00f3 a los cargos de actos sexuales con menor de 14 a\u00f1os.<\/p>\n\n\n\n<p class=\"has-text-align-justify\">Se conoci\u00f3 que los familiares de la ni\u00f1a se mostraron consternados con esta situaci\u00f3n, pero piden que se haga justicia y as\u00ed esta persona responda por este grave delito que atenta contra el desarrollo de la ni\u00f1a, quien hoy est\u00e1 bajo un tratamiento sicol\u00f3gico y recibe apoyo del Instituto Colombiano de Bienestar Familiar (ICBF).<\/p>\n","protected":false},"excerpt":{"rendered":"<p>El padrastro del abusador y padre de la peque\u00f1a lo denunci\u00f3 ante las autoridades. Un juez le dio medida de aseguramiento. Lo que hab\u00edan sospechado, lamentablemente era una realidad. El padre de esta menor de 9 a\u00f1os, nunca imagin\u00f3 lo que estaba haciendo otro de sus hijos con la menor era cierto. Parece ser que&#8230;<\/p>\n","protected":false},"author":1,"featured_media":163050,"comment_status":"closed","ping_status":"closed","sticky":false,"template":"","format":"standard","meta":[],"categories":[68,56],"tags":[],"jetpack_sharing_enabled":true,"jetpack_featured_media_url":"https:\/\/malamboradio.com\/web\/wp-content\/uploads\/2021\/09\/03-abusada_5103337_20210902152956.jpg","_links":{"self":[{"href":"https:\/\/malamboradio.com\/web\/wp-json\/wp\/v2\/posts\/163049"}],"collection":[{"href":"https:\/\/malamboradio.com\/web\/wp-json\/wp\/v2\/posts"}],"about":[{"href":"https:\/\/malamboradio.com\/web\/wp-json\/wp\/v2\/types\/post"}],"author":[{"embeddable":true,"href":"https:\/\/malamboradio.com\/web\/wp-json\/wp\/v2\/users\/1"}],"replies":[{"embeddable":true,"href":"https:\/\/malamboradio.com\/web\/wp-json\/wp\/v2\/comments?post=163049"}],"version-history":[{"count":2,"href":"https:\/\/malamboradio.com\/web\/wp-json\/wp\/v2\/posts\/163049\/revisions"}],"predecessor-version":[{"id":163053,"href":"https:\/\/malamboradio.com\/web\/wp-json\/wp\/v2\/posts\/163049\/revisions\/163053"}],"wp:featuredmedia":[{"embeddable":true,"href":"https:\/\/malamboradio.com\/web\/wp-json\/wp\/v2\/media\/163050"}],"wp:attachment":[{"href":"https:\/\/malamboradio.com\/web\/wp-json\/wp\/v2\/media?parent=163049"}],"wp:term":[{"taxonomy":"category","embeddable":true,"href":"https:\/\/malamboradio.com\/web\/wp-json\/wp\/v2\/categories?post=163049"},{"taxonomy":"post_tag","embeddable":true,"href":"https:\/\/malamboradio.com\/web\/wp-json\/wp\/v2\/tags?post=163049"}],"curies":[{"name":"wp","href":"https:\/\/api.w.org\/{rel}","templated":true}]}}