{"id":160126,"date":"2021-07-22T22:09:29","date_gmt":"2021-07-22T22:09:29","guid":{"rendered":"https:\/\/malamboradio.com\/web\/?p=160126"},"modified":"2021-07-22T22:09:34","modified_gmt":"2021-07-22T22:09:34","slug":"nuevo-impulso-a-la-economia-de-barranquilla-con-la-inaguracion-de-centro-comercial","status":"publish","type":"post","link":"https:\/\/malamboradio.com\/web\/2021\/07\/22\/nuevo-impulso-a-la-economia-de-barranquilla-con-la-inaguracion-de-centro-comercial\/","title":{"rendered":"NUEVO IMPULSO A LA ECONOMIA DE BARRANQUILLA CON LA INAGURACION DE  CENTRO COMERCIAL."},"content":{"rendered":"\n<p class=\"has-text-align-justify\"><strong><em>Jard\u00edn del R\u00edo est\u00e1 ubicado en el complejo habitacional Alameda del R\u00edo y beneficiar\u00e1 a 66.000 personas que podr\u00e1n encontrar una gran variedad en la oferta comercial.<\/em><\/strong><\/p>\n\n\n\n<p class=\"has-text-align-justify\">Este jueves se llev\u00f3 a cabo la inauguraci\u00f3n al p\u00fablico del Centro Comercial Jard\u00edn del R\u00edo, ubicado en el complejo habitacional Alameda del R\u00edo, y que seg\u00fan las autoridades distritales y empresarios servir\u00e1 para dar impulso a la econom\u00eda de Barranquilla y su reactivaci\u00f3n econ\u00f3mica y social.<\/p>\n\n\n\n<p class=\"has-text-align-justify\">\u201cEs una muestra de nuestro compromiso en Amarilo de acompa\u00f1ar el desarrollo de Barranquilla, una ciudad que es una aliada estrat\u00e9gica para el sector constructor y aportar al futuro del pa\u00eds. Hoy damos un gran paso en la consolidaci\u00f3n de nuestro modelo de Ciudades dentro de las Ciudades con la apertura del centro comercial Jard\u00edn del R\u00edo, un espacio en el que los habitantes del megaproyecto de vivienda Alameda del R\u00edo podr\u00e1n encontrar art\u00edculos de primera necesidad y variedad en la oferta comercial al alcance de su mano\u201d, manifest\u00f3 el presidente de la compa\u00f1\u00eda Amarilo, Roberto Moreno.<\/p>\n\n\n\n<p class=\"has-text-align-justify\">Agreg\u00f3 que el centro comercial ha tenido una gran acogida en la comunidad que ya se encuentra viviendo all\u00ed. \u201cAqu\u00ed va a haber 86 locales, de los cuales faltan cinco para comercializar, el resto ya est\u00e1n en proceso de adecuaci\u00f3n y esperamos que en los pr\u00f3ximos 30 o 40 d\u00edas ya est\u00e9n con vida propia. La plaza de comida funcionando, para que la familia no tenga que desplazarse para realizar sus encuentros\u201d.<\/p>\n\n\n\n<p class=\"has-text-align-justify\">Anot\u00f3 que el mismo est\u00e1 ubicado entre dos parques. \u201cAqu\u00ed adem\u00e1s de construir una gran ciudad, con una excelente infraestructura, sino que estamos construyendo una linda comunidad, donde las personas tengan dignidad, puedan compartir en los parques, en el espacio p\u00fablico, lo mismo que el comercio. Somos un gran pa\u00eds y por eso merecemos vivir, compartir en un lugar que nos merecemos. La verdad que siento un gran orgullo de poner aqu\u00ed este grano de arena en Alameda del R\u00edo\u201d.<\/p>\n\n\n\n<p class=\"has-text-align-justify\">Indic\u00f3 que en estos momentos el Centro Comercial que tiene un avance en obra del 97%, cuenta con 86 locales comerciales, 7 islas, 5 cajeros, zona de comidas, 58 parqueaderos para visitantes y 15 parqueaderos para motocicletas y bicicletas, \u201cadem\u00e1s tendr\u00e1 dos pisos para que visitantes puedan disfrutar; promete ser un lugar acogedor, c\u00f3modo y con la modernidad de los grandes complejos comerciales para disfrutarlo y reunir a la familia\u201d.<\/p>\n\n\n\n<p class=\"has-text-align-justify\">Es el m\u00e1s ambicioso proyecto que se construye en Barranquilla y se cuenta con una ubicaci\u00f3n estrat\u00e9gica en la zona de mayor desarrollo de la ciudad, y su cercan\u00eda a las ciudades de Santa Marta y Cartagena, convirti\u00e9ndose en un centro de grandes proyectos para la regi\u00f3n y el pa\u00eds.<\/p>\n\n\n\n<p class=\"has-text-align-justify\">\u201cJard\u00edn del R\u00edo es uno de los tres centros comerciales que la Constructora Amarilo entrega en el pa\u00eds, entre los meses de julio y agosto del presente a\u00f1o, en las ciudades de Barranquilla, Cartagena y Villavicencio, con una gran inversi\u00f3n que contribuye al desarrollo de las principales ciudades del pa\u00eds\u201d, seg\u00fan anunci\u00f3 el presidente de la compa\u00f1\u00eda, Roberto Moreno.<\/p>\n\n\n\n<p class=\"has-text-align-justify\">\u201cNos sentimos muy complacidos con la apertura de Jard\u00edn del R\u00edo que dinamizar\u00e1 la econom\u00eda local al ofrecer variedad de oferta comercial en un solo lugar, evitando mayores desplazamientos para los habitantes de Alameda del R\u00edo. Este centro comercial es la forma como desarrollamos entornos, donde el urbanismo planeado, organizado y sostenible, son nuestros principales pilares\u201d, se\u00f1al\u00f3 Moreno.<\/p>\n\n\n\n<p class=\"has-text-align-justify\">El Centro Comercial cuenta con 76 locales comerciales, 7 islas, 5 cajeros, zona de comidas, 58 parqueaderos para visitantes y 15 parqueaderos para motocicletas y bicicletas, adem\u00e1s tendr\u00e1 dos pisos para que visitantes puedan disfrutar, promete ser un lugar acogedor, c\u00f3modo y con la modernidad de los grandes complejos comerciales para disfrutarlo y reunir a la familia.<\/p>\n\n\n\n<p class=\"has-text-align-justify\">Jard\u00edn del R\u00edo es uno de los tres centros comerciales que la Constructora Amarilo entrega en el pa\u00eds, con una inversi\u00f3n de $46.000 millones, contribuyendo al desarrollo de las principales ciudades del Colombia y a la generaci\u00f3n de m\u00e1s de 1.000 empleos, seg\u00fan indic\u00f3 Moreno, al anunciar la inauguraci\u00f3n en pr\u00f3ximos d\u00edas, de los centros comerciales Rosablanca en Villavicencio y Parque Heredia en Cartagena, contribuyendo con el desarrollo de las principales ciudades.<\/p>\n\n\n\n<p class=\"has-text-align-justify\">Cabe recordar que Alameda del R\u00edo contar\u00e1 con cerca de 22.000 viviendas y se desarrollar\u00e1 en un terreno de 183 hect\u00e1reas, donde se destinar\u00e1n 84 hect\u00e1reas a espacio p\u00fablico entre v\u00edas y parques, y 87 hect\u00e1reas de vivienda, comercio y equipamientos. Recientemente, acaba de inaugurar un complejo de tres parques que suman m\u00e1s de 20 mil metros cuadrados destinados a la recreaci\u00f3n y el esparcimiento, promoviendo as\u00ed estilos de vida saludable.<\/p>\n\n\n\n<p class=\"has-text-align-justify\">De igual manera, durante el acto de apertura, se anunci\u00f3 el lanzamiento del nuevo proyecto Flamingo; un proyecto No VIS compuesto por 8 torres de 12 pisos con ascensor cada una, donde se construir\u00e1n 408 unidades de vivienda en total, de 67 y 75 metros cuadrados de \u00e1rea total, ofreciendo dos tipolog\u00edas de apartamentos; tradicional y Split, que tendr\u00e1 espacios comunes como piscinas, gimnasio, zona bbq y cancha sint\u00e9tica.<\/p>\n","protected":false},"excerpt":{"rendered":"<p>Jard\u00edn del R\u00edo est\u00e1 ubicado en el complejo habitacional Alameda del R\u00edo y beneficiar\u00e1 a 66.000 personas que podr\u00e1n encontrar una gran variedad en la oferta comercial. Este jueves se llev\u00f3 a cabo la inauguraci\u00f3n al p\u00fablico del Centro Comercial Jard\u00edn del R\u00edo, ubicado en el complejo habitacional Alameda del R\u00edo, y que seg\u00fan las&#8230;<\/p>\n","protected":false},"author":1,"featured_media":160129,"comment_status":"closed","ping_status":"closed","sticky":false,"template":"","format":"standard","meta":[],"categories":[76,90,56],"tags":[],"jetpack_sharing_enabled":true,"jetpack_featured_media_url":"https:\/\/malamboradio.com\/web\/wp-content\/uploads\/2021\/07\/inaugurado-centro-comercial_4889385_20210722133434.jpg","_links":{"self":[{"href":"https:\/\/malamboradio.com\/web\/wp-json\/wp\/v2\/posts\/160126"}],"collection":[{"href":"https:\/\/malamboradio.com\/web\/wp-json\/wp\/v2\/posts"}],"about":[{"href":"https:\/\/malamboradio.com\/web\/wp-json\/wp\/v2\/types\/post"}],"author":[{"embeddable":true,"href":"https:\/\/malamboradio.com\/web\/wp-json\/wp\/v2\/users\/1"}],"replies":[{"embeddable":true,"href":"https:\/\/malamboradio.com\/web\/wp-json\/wp\/v2\/comments?post=160126"}],"version-history":[{"count":1,"href":"https:\/\/malamboradio.com\/web\/wp-json\/wp\/v2\/posts\/160126\/revisions"}],"predecessor-version":[{"id":160130,"href":"https:\/\/malamboradio.com\/web\/wp-json\/wp\/v2\/posts\/160126\/revisions\/160130"}],"wp:featuredmedia":[{"embeddable":true,"href":"https:\/\/malamboradio.com\/web\/wp-json\/wp\/v2\/media\/160129"}],"wp:attachment":[{"href":"https:\/\/malamboradio.com\/web\/wp-json\/wp\/v2\/media?parent=160126"}],"wp:term":[{"taxonomy":"category","embeddable":true,"href":"https:\/\/malamboradio.com\/web\/wp-json\/wp\/v2\/categories?post=160126"},{"taxonomy":"post_tag","embeddable":true,"href":"https:\/\/malamboradio.com\/web\/wp-json\/wp\/v2\/tags?post=160126"}],"curies":[{"name":"wp","href":"https:\/\/api.w.org\/{rel}","templated":true}]}}