{"id":158007,"date":"2021-06-16T14:23:30","date_gmt":"2021-06-16T14:23:30","guid":{"rendered":"https:\/\/malamboradio.com\/web\/?p=158007"},"modified":"2021-06-16T14:23:34","modified_gmt":"2021-06-16T14:23:34","slug":"a-sancion-presidencial-pasa-cadena-perpetua-para-violadores-y-asesinos-de-ninos","status":"publish","type":"post","link":"https:\/\/malamboradio.com\/web\/2021\/06\/16\/a-sancion-presidencial-pasa-cadena-perpetua-para-violadores-y-asesinos-de-ninos\/","title":{"rendered":"A SANCION PRESIDENCIAL PASA CADENA PERPETUA PARA VIOLADORES Y ASESINOS DE NI\u00d1OS&#8230;"},"content":{"rendered":"\n<p class=\"has-text-align-justify\">En el  Congreso de la Rep\u00fablica se aprob\u00f3 la aplicaci\u00f3n en Colombia de la cadena perpetua en casos de violaciones sexuales, como respuesta al clamor de cientos de ciudadanos que hab\u00edan pedido y esperado este momento durante a\u00f1os.<\/p>\n\n\n\n<p class=\"has-text-align-justify\">Esto se dio cuando en el octavo y \u00faltimo debate, cuando se s aprobaron en el Senado un proyecto crucial en la historia del pa\u00eds: la cadena perpetua a los violadores de ni\u00f1os.<\/p>\n\n\n\n<p>Con este proyecto se reform\u00f3 el art\u00edculo 34 de la Constituci\u00f3n Pol\u00edtica para que una de las condenas que los jueces puedan aplicar a estos delincuentes sea la pena de prisi\u00f3n perpetua.<\/p>\n\n\n\n<p class=\"has-text-align-justify\">Con esta nueva ley, se tiene una de las caracter\u00edsticas de este proyecto y es que la cadena perpetua sea una sanci\u00f3n excepcional.<\/p>\n\n\n\n<p class=\"has-text-align-justify\">Al principio del tr\u00e1nsito de esta iniciativa por el Capitolio se entend\u00eda que esta sanci\u00f3n se les aplicar\u00eda a todos los culpables de delitos sexuales contra los menores de edad, pero esto cambi\u00f3 durante el tr\u00e1mite. Se aprob\u00f3 que la pena de prisi\u00f3n perpetua se aplique solo en los casos en los que se re\u00fanan diferentes conductas que agraven la agresi\u00f3n sexual contra un ni\u00f1o.<\/p>\n\n\n\n<p class=\"has-text-align-justify\">Por tanto, cada juez deber\u00e1 valorar las circunstancias en las que sucedieron los hechos y, si es del caso, emitir una cadena perpetua.<\/p>\n\n\n\n<p class=\"has-text-align-justify\">La aplicaci\u00f3n de una pena de prisi\u00f3n perpetua, seg\u00fan lo propuesto para el debate de esta semana, depender\u00eda de una reglamentaci\u00f3n que el Gobierno Nacional, el cual ha apoyado el proyecto, deber\u00eda tramitar en un t\u00e9rmino de un a\u00f1o.<\/p>\n\n\n\n<p class=\"has-text-align-justify\">Los congresistas aprobaron el articulado de este proyecto con 77 votos a favor y 0 por el no. Este no pasar\u00e1 a conciliaci\u00f3n debido a que fue aprobado el mismo proyecto en C\u00e1mara y en Senado.<\/p>\n\n\n\n<p class=\"has-text-align-justify\">Tampoco pasar\u00e1 a sanci\u00f3n presidencial, por tratarse de una reforma constitucional, sino a una promulgaci\u00f3n que realiza el Presidente. Adem\u00e1s, si es demandado podr\u00e1 ser revisado por la Corte Constitucional.<\/p>\n\n\n\n<p>\u00bfC\u00f3mo fue el tr\u00e1mite de este proyecto?<\/p>\n\n\n\n<p class=\"has-text-align-justify\">En Colombia se han presentado alrededor de diecis\u00e9is proyectos de acto legislativo para modificar el art\u00edculo 34 de la Constituci\u00f3n, y as\u00ed suprimir la prohibici\u00f3n de penas perpetuas.<\/p>\n\n\n\n<p class=\"has-text-align-justify\">Dos de los m\u00e1s recordados fueron el presentado por Gilma Jim\u00e9nez (Q.E.P.D) en 2008. Ella consigui\u00f3 m\u00e1s de dos y medio millones de firmas necesarias para hacer la reforma v\u00eda referendo y logr\u00f3 la aprobaci\u00f3n de la norma en el Congreso. Sin embargo, tras ser aprobada por el Legislativo seis de los nueve magistrados de la Corte Constitucional votaron en contra del referendo porque ten\u00eda \u201cvicios de tr\u00e1mite\u201d.<\/p>\n\n\n\n<p>En 2017 la hija de Gilma Jim\u00e9nez (heredera de la causa de su madre) Yohana, impuls\u00f3 de nuevo la cadena perpetua luego de conocerse el aberrante caso de la violaci\u00f3n y asesinato de la ni\u00f1a Yuliana Sambon\u00ed, de 7 a\u00f1os, a manos Rafael Uribe Noguera, en un barrio deprimido de Bogot\u00e1.<\/p>\n\n\n\n<p class=\"has-text-align-justify\">El a\u00f1o pasado fue presentado nuevamente el proyecto por varios partidos pol\u00edticos, entre esos, el partido de Gobierno, que ha sido uno de los principales impulsores de este proyecto.<\/p>\n","protected":false},"excerpt":{"rendered":"<p>En el Congreso de la Rep\u00fablica se aprob\u00f3 la aplicaci\u00f3n en Colombia de la cadena perpetua en casos de violaciones sexuales, como respuesta al clamor de cientos de ciudadanos que hab\u00edan pedido y esperado este momento durante a\u00f1os. Esto se dio cuando en el octavo y \u00faltimo debate, cuando se s aprobaron en el Senado&#8230;<\/p>\n","protected":false},"author":1,"featured_media":158008,"comment_status":"closed","ping_status":"closed","sticky":false,"template":"","format":"standard","meta":[],"categories":[78,89,56],"tags":[],"jetpack_sharing_enabled":true,"jetpack_featured_media_url":"https:\/\/malamboradio.com\/web\/wp-content\/uploads\/2021\/06\/violadores.jpg","_links":{"self":[{"href":"https:\/\/malamboradio.com\/web\/wp-json\/wp\/v2\/posts\/158007"}],"collection":[{"href":"https:\/\/malamboradio.com\/web\/wp-json\/wp\/v2\/posts"}],"about":[{"href":"https:\/\/malamboradio.com\/web\/wp-json\/wp\/v2\/types\/post"}],"author":[{"embeddable":true,"href":"https:\/\/malamboradio.com\/web\/wp-json\/wp\/v2\/users\/1"}],"replies":[{"embeddable":true,"href":"https:\/\/malamboradio.com\/web\/wp-json\/wp\/v2\/comments?post=158007"}],"version-history":[{"count":1,"href":"https:\/\/malamboradio.com\/web\/wp-json\/wp\/v2\/posts\/158007\/revisions"}],"predecessor-version":[{"id":158009,"href":"https:\/\/malamboradio.com\/web\/wp-json\/wp\/v2\/posts\/158007\/revisions\/158009"}],"wp:featuredmedia":[{"embeddable":true,"href":"https:\/\/malamboradio.com\/web\/wp-json\/wp\/v2\/media\/158008"}],"wp:attachment":[{"href":"https:\/\/malamboradio.com\/web\/wp-json\/wp\/v2\/media?parent=158007"}],"wp:term":[{"taxonomy":"category","embeddable":true,"href":"https:\/\/malamboradio.com\/web\/wp-json\/wp\/v2\/categories?post=158007"},{"taxonomy":"post_tag","embeddable":true,"href":"https:\/\/malamboradio.com\/web\/wp-json\/wp\/v2\/tags?post=158007"}],"curies":[{"name":"wp","href":"https:\/\/api.w.org\/{rel}","templated":true}]}}