{"id":156042,"date":"2021-05-06T00:25:13","date_gmt":"2021-05-06T00:25:13","guid":{"rendered":"https:\/\/malamboradio.com\/web\/?p=156042"},"modified":"2021-05-06T00:36:39","modified_gmt":"2021-05-06T00:36:39","slug":"camara-baja-de-ee-uu-solicita-retirar-cooperacion-militar-a-colombia-ante-violaciones-de-dd-hh","status":"publish","type":"post","link":"https:\/\/malamboradio.com\/web\/2021\/05\/06\/camara-baja-de-ee-uu-solicita-retirar-cooperacion-militar-a-colombia-ante-violaciones-de-dd-hh\/","title":{"rendered":"CAMARA BAJA DE EE.UU. SOLICITA RETIRAR COOPERACION MILITAR A COLOMBIA ANTE LAS VIOLACIONES DE LOS DERECHOS HUMANOS."},"content":{"rendered":"\n<p class=\"has-text-align-justify\">En las \u00faltimas horas se conoci\u00f3 que la Comisi\u00f3n de Asuntos Exteriores de la C\u00e1mara de Representantes de EE.UU. pidi\u00f3 aplicar la Ley Leahy para Colombia.<\/p>\n\n\n\n<p class=\"has-text-align-justify\">Tras la intervenci\u00f3n del representante dem\u00f3crata Gregory Meeks, presidente de la Comisi\u00f3n de Asuntos Exteriores de la C\u00e1mara de Representantes de Estados Unidos, expres\u00f3 su preocupaci\u00f3n por la situaci\u00f3n en Colombia y \u201cla brutal respuesta de la Polic\u00eda Nacional y el ESMAD a las protestas en el pa\u00eds\u201d.<\/p>\n\n\n\n<p class=\"has-text-align-justify\">Fue as\u00ed como public\u00f3 a trav\u00e9s de su cuenta de Twitter, Meeks dijo estar \u201cparticularmente alarmado por los acontecimientos en Cali y pido al presidente Iv\u00e1n Duque disminuir la violencia y dejar claro que el uso excesivo de la fuerza es imperdonable\u201d.<\/p>\n\n\n\n<p class=\"has-text-align-justify\">Pero adem\u00e1s, dijo que es necesario e \u201cimperativo que la Ley Leahy de Estados Unidos se aplique plenamente, ya que dejamos claro que Estados Unidos no apoyar\u00e1 a las fuerzas de seguridad involucradas en graves violaciones de derechos humanos\u201d.<\/p>\n\n\n\n<p class=\"has-text-align-justify\">La ley Leahy, una ley promovida en los a\u00f1os 90 por el senador dem\u00f3crata Patrick Leahy, indica que Estados Unidos no debe proporcionar asistencia militar extranjera si hay informaci\u00f3n cre\u00edble de que hay violaciones graves de los derechos humanos.<\/p>\n\n\n\n<p class=\"has-text-align-justify\">Apoyando ese llamado de la Comisi\u00f3n de Asuntos exteriores de la C\u00e1mara de Representantes de Estados Unidos, la Oficina en Washington para Asuntos Latinoamericanos (WOLA) ha dicho que \u201chasta que haya garant\u00edas m\u00e1s claras de derechos humanos, Estados Unidos debe suspender todas las ventas de equipos, capacitaci\u00f3n y servicios de control de multitudes a la ESMAD de Colombia\u201d.<\/p>\n\n\n\n<p class=\"has-text-align-justify\">M\u00e1s temprano, desde Ginebra, la Oficina de la ONU para los Derechos Humanos denunci\u00f3 tambi\u00e9n que los cuerpos de seguridad colombianos han ejercido un \u201cexcesivo uso de la fuerza\u201d durante la ola de protestas que vive el pa\u00eds y pidi\u00f3 calma de cara a la convocatoria de manifestaciones para el pr\u00f3ximo 5 de mayo.<\/p>\n\n\n\n<p class=\"has-text-align-justify\">A la par con la ONU, la Uni\u00f3n Europea (UE) conden\u00f3 la violencia de las fuerzas de seguridad de Colombia contra los manifestantes que protestan por la ya retirada reforma tributaria del Gobierno y pidi\u00f3 que se lleve ante la justicia a los responsables de la represi\u00f3n.<\/p>\n","protected":false},"excerpt":{"rendered":"<p>En las \u00faltimas horas se conoci\u00f3 que la Comisi\u00f3n de Asuntos Exteriores de la C\u00e1mara de Representantes de EE.UU. pidi\u00f3 aplicar la Ley Leahy para Colombia. Tras la intervenci\u00f3n del representante dem\u00f3crata Gregory Meeks, presidente de la Comisi\u00f3n de Asuntos Exteriores de la C\u00e1mara de Representantes de Estados Unidos, expres\u00f3 su preocupaci\u00f3n por la situaci\u00f3n&#8230;<\/p>\n","protected":false},"author":1,"featured_media":156044,"comment_status":"open","ping_status":"open","sticky":false,"template":"","format":"standard","meta":[],"categories":[78,89,56],"tags":[],"jetpack_sharing_enabled":true,"jetpack_featured_media_url":"https:\/\/malamboradio.com\/web\/wp-content\/uploads\/2021\/05\/EE-UU.jpg","_links":{"self":[{"href":"https:\/\/malamboradio.com\/web\/wp-json\/wp\/v2\/posts\/156042"}],"collection":[{"href":"https:\/\/malamboradio.com\/web\/wp-json\/wp\/v2\/posts"}],"about":[{"href":"https:\/\/malamboradio.com\/web\/wp-json\/wp\/v2\/types\/post"}],"author":[{"embeddable":true,"href":"https:\/\/malamboradio.com\/web\/wp-json\/wp\/v2\/users\/1"}],"replies":[{"embeddable":true,"href":"https:\/\/malamboradio.com\/web\/wp-json\/wp\/v2\/comments?post=156042"}],"version-history":[{"count":2,"href":"https:\/\/malamboradio.com\/web\/wp-json\/wp\/v2\/posts\/156042\/revisions"}],"predecessor-version":[{"id":156047,"href":"https:\/\/malamboradio.com\/web\/wp-json\/wp\/v2\/posts\/156042\/revisions\/156047"}],"wp:featuredmedia":[{"embeddable":true,"href":"https:\/\/malamboradio.com\/web\/wp-json\/wp\/v2\/media\/156044"}],"wp:attachment":[{"href":"https:\/\/malamboradio.com\/web\/wp-json\/wp\/v2\/media?parent=156042"}],"wp:term":[{"taxonomy":"category","embeddable":true,"href":"https:\/\/malamboradio.com\/web\/wp-json\/wp\/v2\/categories?post=156042"},{"taxonomy":"post_tag","embeddable":true,"href":"https:\/\/malamboradio.com\/web\/wp-json\/wp\/v2\/tags?post=156042"}],"curies":[{"name":"wp","href":"https:\/\/api.w.org\/{rel}","templated":true}]}}