{"id":156033,"date":"2021-05-06T00:08:31","date_gmt":"2021-05-06T00:08:31","guid":{"rendered":"https:\/\/malamboradio.com\/web\/?p=156033"},"modified":"2021-05-06T00:08:35","modified_gmt":"2021-05-06T00:08:35","slug":"cansados-por-pesimos-servicios-y-malestares-con-el-gobierno-luruaco-sale-a-marchar","status":"publish","type":"post","link":"https:\/\/malamboradio.com\/web\/2021\/05\/06\/cansados-por-pesimos-servicios-y-malestares-con-el-gobierno-luruaco-sale-a-marchar\/","title":{"rendered":"CANSADOS POR PESIMOS  SERVICIOS Y MALESTARES CON EL GOBIERNO LURUACO SALE A MARCHAR."},"content":{"rendered":"\n<p class=\"has-text-align-justify\">En horas de la tarde de hoy 5 de mayo 2021, la comunidad y el personal de la salud de Luruaco marcharon desde el barrio Progreso hasta la Plaza Central, como rechazo a los problemas socioecon\u00f3micos en que se encuentra el municipio.<\/p>\n\n\n\n<p class=\"has-text-align-justify\">As\u00ed mismo tambi\u00e9n manifestaron el repudio que existe en contra de la empresa Aguas del Sur por abastecer un l\u00edquido putrefacto en la localidad, por la reforma de la salud, Sisben y dem\u00e1s malestares.<\/p>\n\n\n\n<p class=\"has-text-align-justify\">\u201cSalimos a las calles con voz de protesta por la econom\u00eda, la salud, el mal servicio de agua que nos suministran en Luruaco, las pobres pensiones de los trabajadores, del mismo modo pidi\u00e9ndole a la gobernadora Elsa Noguera que acelere la entrega del nuevo acueducto del municipio debido a que ha demorado a\u00f1o y medio ese contrato. Tenemos rechazo por muchos problemas y las muertes de los l\u00edderes no podemos pasarlas por alto, as\u00ed como la violencia\u201d, dijo Humberto Currea, l\u00edder social de Luruaco.<\/p>\n\n\n\n<p class=\"has-text-align-justify\">\u201cLe exigimos  Marly Guti\u00e9rrez, alcaldesa de Luruaco el cambio de la empresa Aguas del Sur y que en el hospital local las consultas sean resueltas mediante llamadas telef\u00f3nicas, puesto que es inoperante el servicio para sus usuarios\u201d, agreg\u00f3.<\/p>\n\n\n\n<p class=\"has-text-align-justify\">A su turno, los trabajadores de la salud pertenecientes al sindicato Anthoc de Luruaco, expresaron que \u201cestamos apoyando los derechos de los trabajadores y dici\u00e9ndole no a la reforma a la salud, como un pueblo estamos padeciendo, no podemos permitir que nos sigan atropellando\u201d, sostuvieron.<\/p>\n","protected":false},"excerpt":{"rendered":"<p>En horas de la tarde de hoy 5 de mayo 2021, la comunidad y el personal de la salud de Luruaco marcharon desde el barrio Progreso hasta la Plaza Central, como rechazo a los problemas socioecon\u00f3micos en que se encuentra el municipio. As\u00ed mismo tambi\u00e9n manifestaron el repudio que existe en contra de la empresa&#8230;<\/p>\n","protected":false},"author":1,"featured_media":156034,"comment_status":"open","ping_status":"open","sticky":false,"template":"","format":"standard","meta":[],"categories":[65,89,56],"tags":[],"jetpack_sharing_enabled":true,"jetpack_featured_media_url":"https:\/\/malamboradio.com\/web\/wp-content\/uploads\/2021\/05\/luruaco.jpeg","_links":{"self":[{"href":"https:\/\/malamboradio.com\/web\/wp-json\/wp\/v2\/posts\/156033"}],"collection":[{"href":"https:\/\/malamboradio.com\/web\/wp-json\/wp\/v2\/posts"}],"about":[{"href":"https:\/\/malamboradio.com\/web\/wp-json\/wp\/v2\/types\/post"}],"author":[{"embeddable":true,"href":"https:\/\/malamboradio.com\/web\/wp-json\/wp\/v2\/users\/1"}],"replies":[{"embeddable":true,"href":"https:\/\/malamboradio.com\/web\/wp-json\/wp\/v2\/comments?post=156033"}],"version-history":[{"count":2,"href":"https:\/\/malamboradio.com\/web\/wp-json\/wp\/v2\/posts\/156033\/revisions"}],"predecessor-version":[{"id":156037,"href":"https:\/\/malamboradio.com\/web\/wp-json\/wp\/v2\/posts\/156033\/revisions\/156037"}],"wp:featuredmedia":[{"embeddable":true,"href":"https:\/\/malamboradio.com\/web\/wp-json\/wp\/v2\/media\/156034"}],"wp:attachment":[{"href":"https:\/\/malamboradio.com\/web\/wp-json\/wp\/v2\/media?parent=156033"}],"wp:term":[{"taxonomy":"category","embeddable":true,"href":"https:\/\/malamboradio.com\/web\/wp-json\/wp\/v2\/categories?post=156033"},{"taxonomy":"post_tag","embeddable":true,"href":"https:\/\/malamboradio.com\/web\/wp-json\/wp\/v2\/tags?post=156033"}],"curies":[{"name":"wp","href":"https:\/\/api.w.org\/{rel}","templated":true}]}}