{"id":155396,"date":"2021-04-26T23:55:18","date_gmt":"2021-04-26T23:55:18","guid":{"rendered":"https:\/\/malamboradio.com\/web\/?p=155396"},"modified":"2021-04-26T23:55:22","modified_gmt":"2021-04-26T23:55:22","slug":"la-asociacion-educadores-del-atlantico-dice-no-a-marchar-en-el-paro-del-28-de-abril","status":"publish","type":"post","link":"https:\/\/malamboradio.com\/web\/2021\/04\/26\/la-asociacion-educadores-del-atlantico-dice-no-a-marchar-en-el-paro-del-28-de-abril\/","title":{"rendered":"LA ASOCIACION EDUCADORES DEL ATLANTICO DICE NO A MARCHAR EN EL PARO DEL 28 DE ABRIL."},"content":{"rendered":"\n<p class=\"has-text-align-justify\"><em><strong>As\u00ed lo dio a conocer este lunes, Jes\u00fas \u00c1vila, presidente de la Asociaci\u00f3n de Educadores del Atl\u00e1ntico, quien indic\u00f3 que s\u00f3lo dar\u00e1n una rueda de prensa.<\/strong><\/em><\/p>\n\n\n\n<p class=\"has-text-align-justify\">El presidente de la Asociaci\u00f3n de Educadores del Atl\u00e1ntico, ADEA, Jes\u00fas \u00c1vila, manifest\u00f3 este lunes que el Comit\u00e9 Departamental de Paro de la entidad no ha programado marchas para el pr\u00f3ximo 28 de abril en Barranquilla debido al alto n\u00famero de contagios por COVID-19 que se presentan por estos d\u00edas en la ciudad y municipios del departamento.<\/p>\n\n\n\n<p class=\"has-text-align-justify\">\u00c1vila aclar\u00f3, que lo se ha programado para ese 28 de abril es una rueda de prensa con los medios de comunicaci\u00f3n en la Plaza de la Paz de Barranquilla, a partir de las 9:00 de la ma\u00f1ana, y en la que intervendr\u00e1n todas las organizaciones sindicales, que se han mostrado contrarias a la reforma tributaria, que quiere implementar el gobierno del presidente Iv\u00e1n Duque.<\/p>\n\n\n\n<p class=\"has-text-align-justify\">\u201cNosotros estamos en disposici\u00f3n de escuchar cu\u00e1l es la definitiva del Comando Departamental, que creo que conscientemente, ha tomado la determinaci\u00f3n de no hacer reuniones para evitar las aglomeraciones, en especial en estos momentos del pico de la pandemia\u201d, sostuvo \u00c1vila.<\/p>\n\n\n\n<p class=\"has-text-align-justify\">Termin\u00f3 diciendo que ese mismo d\u00eda 28 de abril, pero a las 5:00 de la tarde, estar\u00e1n exponiendo sus puntos de vista sobre la reforma tributaria a trav\u00e9s de las redes sociales.<\/p>\n","protected":false},"excerpt":{"rendered":"<p>As\u00ed lo dio a conocer este lunes, Jes\u00fas \u00c1vila, presidente de la Asociaci\u00f3n de Educadores del Atl\u00e1ntico, quien indic\u00f3 que s\u00f3lo dar\u00e1n una rueda de prensa. El presidente de la Asociaci\u00f3n de Educadores del Atl\u00e1ntico, ADEA, Jes\u00fas \u00c1vila, manifest\u00f3 este lunes que el Comit\u00e9 Departamental de Paro de la entidad no ha programado marchas para&#8230;<\/p>\n","protected":false},"author":1,"featured_media":155397,"comment_status":"open","ping_status":"open","sticky":false,"template":"","format":"standard","meta":[],"categories":[78,89,56],"tags":[],"jetpack_sharing_enabled":true,"jetpack_featured_media_url":"https:\/\/malamboradio.com\/web\/wp-content\/uploads\/2021\/04\/maestros-no-marcharan_4496279_20210426110230.jpg","_links":{"self":[{"href":"https:\/\/malamboradio.com\/web\/wp-json\/wp\/v2\/posts\/155396"}],"collection":[{"href":"https:\/\/malamboradio.com\/web\/wp-json\/wp\/v2\/posts"}],"about":[{"href":"https:\/\/malamboradio.com\/web\/wp-json\/wp\/v2\/types\/post"}],"author":[{"embeddable":true,"href":"https:\/\/malamboradio.com\/web\/wp-json\/wp\/v2\/users\/1"}],"replies":[{"embeddable":true,"href":"https:\/\/malamboradio.com\/web\/wp-json\/wp\/v2\/comments?post=155396"}],"version-history":[{"count":2,"href":"https:\/\/malamboradio.com\/web\/wp-json\/wp\/v2\/posts\/155396\/revisions"}],"predecessor-version":[{"id":155400,"href":"https:\/\/malamboradio.com\/web\/wp-json\/wp\/v2\/posts\/155396\/revisions\/155400"}],"wp:featuredmedia":[{"embeddable":true,"href":"https:\/\/malamboradio.com\/web\/wp-json\/wp\/v2\/media\/155397"}],"wp:attachment":[{"href":"https:\/\/malamboradio.com\/web\/wp-json\/wp\/v2\/media?parent=155396"}],"wp:term":[{"taxonomy":"category","embeddable":true,"href":"https:\/\/malamboradio.com\/web\/wp-json\/wp\/v2\/categories?post=155396"},{"taxonomy":"post_tag","embeddable":true,"href":"https:\/\/malamboradio.com\/web\/wp-json\/wp\/v2\/tags?post=155396"}],"curies":[{"name":"wp","href":"https:\/\/api.w.org\/{rel}","templated":true}]}}