{"id":155391,"date":"2021-04-26T23:11:08","date_gmt":"2021-04-26T23:11:08","guid":{"rendered":"https:\/\/malamboradio.com\/web\/?p=155391"},"modified":"2021-04-26T23:11:12","modified_gmt":"2021-04-26T23:11:12","slug":"en-colombia-1-7-millones-de-familias-no-alcanzan-a-alimentarse-3-veces-al-dia","status":"publish","type":"post","link":"https:\/\/malamboradio.com\/web\/2021\/04\/26\/en-colombia-1-7-millones-de-familias-no-alcanzan-a-alimentarse-3-veces-al-dia\/","title":{"rendered":"EN COLOMBIA 1.7 MILLONES DE FAMILIAS NO ALCANZAN A ALIMENTARSE 3 VECES AL DIA."},"content":{"rendered":"\n<p class=\"has-text-align-justify\">Con el tercer pico de la pandemia se agudiz\u00f3 la crisis econ\u00f3mica en los hogares. El 76 por ciento accede menos a productos de primera necesidad, dice el DANE.<\/p>\n\n\n\n<p class=\"has-text-align-justify\">El DANE revel\u00f3 este lunes el dif\u00edcil panorama que se vive en los hogares colombianos por cuenta de la crisis econ\u00f3mica que ha agudizado el COVID.<br>En comparaci\u00f3n con marzo de 2020, cerca de 1,7 millones de familias ya no tienen acceso a las tres comidas en el d\u00eda. Es decir, que solo tienen la posibilidad de consumir dos comidas diarias.<\/p>\n\n\n\n<p>Otro dato preocupante es que, seg\u00fan el DANE, cerca del 76 por ciento ya no tiene la posibilidad de acceder a productos de primera necesidad.<br>Las ciudades donde este fen\u00f3meno se est\u00e1 sufriendo con mayor fuerza son: Cartagena, Monter\u00eda y Neiva.<br>Asimismo, dijo la entidad, el 46 por ciento de los hogares colombianos cree que su situaci\u00f3n en cuanto a empleo empeorar\u00e1 en los pr\u00f3ximos 12 meses.<br>Por su parte, el presidente del Banco de la Rep\u00fablica, Leonardo Villar, anunci\u00f3 que este a\u00f1o esa entidad no tendr\u00e1 utilidades para entregarle al Gobierno y, por el contrario, que tendr\u00e1 p\u00e9rdidas por 122 mil millones de pesos.<br>&#8220;La proyecci\u00f3n de utilidades para el a\u00f1o 2021, el informe que le pasamos al Congreso, sugiere no solamente que vamos a tener utilidades m\u00e1s bajas, vamos a tener peque\u00f1as p\u00e9rdidas&#8221;, indic\u00f3 Villar.<\/p>\n","protected":false},"excerpt":{"rendered":"<p>Con el tercer pico de la pandemia se agudiz\u00f3 la crisis econ\u00f3mica en los hogares. El 76 por ciento accede menos a productos de primera necesidad, dice el DANE. El DANE revel\u00f3 este lunes el dif\u00edcil panorama que se vive en los hogares colombianos por cuenta de la crisis econ\u00f3mica que ha agudizado el COVID.En&#8230;<\/p>\n","protected":false},"author":1,"featured_media":155392,"comment_status":"open","ping_status":"open","sticky":false,"template":"","format":"standard","meta":[],"categories":[78,89,56],"tags":[],"jetpack_sharing_enabled":true,"jetpack_featured_media_url":"https:\/\/malamboradio.com\/web\/wp-content\/uploads\/2021\/04\/DANE.png","_links":{"self":[{"href":"https:\/\/malamboradio.com\/web\/wp-json\/wp\/v2\/posts\/155391"}],"collection":[{"href":"https:\/\/malamboradio.com\/web\/wp-json\/wp\/v2\/posts"}],"about":[{"href":"https:\/\/malamboradio.com\/web\/wp-json\/wp\/v2\/types\/post"}],"author":[{"embeddable":true,"href":"https:\/\/malamboradio.com\/web\/wp-json\/wp\/v2\/users\/1"}],"replies":[{"embeddable":true,"href":"https:\/\/malamboradio.com\/web\/wp-json\/wp\/v2\/comments?post=155391"}],"version-history":[{"count":1,"href":"https:\/\/malamboradio.com\/web\/wp-json\/wp\/v2\/posts\/155391\/revisions"}],"predecessor-version":[{"id":155393,"href":"https:\/\/malamboradio.com\/web\/wp-json\/wp\/v2\/posts\/155391\/revisions\/155393"}],"wp:featuredmedia":[{"embeddable":true,"href":"https:\/\/malamboradio.com\/web\/wp-json\/wp\/v2\/media\/155392"}],"wp:attachment":[{"href":"https:\/\/malamboradio.com\/web\/wp-json\/wp\/v2\/media?parent=155391"}],"wp:term":[{"taxonomy":"category","embeddable":true,"href":"https:\/\/malamboradio.com\/web\/wp-json\/wp\/v2\/categories?post=155391"},{"taxonomy":"post_tag","embeddable":true,"href":"https:\/\/malamboradio.com\/web\/wp-json\/wp\/v2\/tags?post=155391"}],"curies":[{"name":"wp","href":"https:\/\/api.w.org\/{rel}","templated":true}]}}