{"id":155341,"date":"2021-04-26T16:21:02","date_gmt":"2021-04-26T16:21:02","guid":{"rendered":"https:\/\/malamboradio.com\/web\/?p=155341"},"modified":"2021-04-26T16:33:49","modified_gmt":"2021-04-26T16:33:49","slug":"aplazar-las-marchas-convocadas-para-esta-semana-pide-la-procuraduria-por-alto-pico-en-la-pandemia","status":"publish","type":"post","link":"https:\/\/malamboradio.com\/web\/2021\/04\/26\/aplazar-las-marchas-convocadas-para-esta-semana-pide-la-procuraduria-por-alto-pico-en-la-pandemia\/","title":{"rendered":"APLAZAR LAS MARCHAS CONVOCADAS PARA ESTA SEMANA PIDE LA PROCURADURIA POR ALTO PICO EN LA PANDEMIA."},"content":{"rendered":"\n<p class=\"has-text-align-justify\"><em><strong>Un llamado a la cordura<\/strong><\/em>. <em><strong>Los altos numeros de UCIS ocupadas, la gran cantidad de muertes, la velocidad de contagio y la escasez de ox\u00edgeno, son algunas de las razones.<\/strong><\/em><\/p>\n\n\n\n<p class=\"has-text-align-justify\">Este llamado lo hizo a todos los actores sociales y a aquellos que piensan participar en estas, para que obren en consecuencia del dif\u00edcil momento por el que atraviesa el pa\u00eds, por el alto riesgo que representa en este momento para la salud p\u00fablica, cualquier tipo de aglomeraci\u00f3n.<\/p>\n\n\n\n<p class=\"has-text-align-justify\">Sin embargo reitera que sea cual sea la decisi\u00f3n que tomen los ciudadanos, la entidad \u201cestar\u00e1 a su lado velando porque se mantenga el orden p\u00fablico, el derecho a la movilidad y para que se respeten los derechos individuales y colectivos tanto de los ciudadanos que salgan a las calles como de aquellos que responsablemente decidan quedarse en sus casas\u201d, dice la Procuradur\u00eda.<\/p>\n\n\n\n<p class=\"has-text-align-justify\">Por \u00faltimo el Ministerio P\u00fablico pidi\u00f3 a todos los mandatarios del pa\u00eds reforzar las medidas que se vienen tomando para proteger la vida, la salud y la integridad de los ciudadanos al tiempo que insta a la poblaci\u00f3n a observar un mayor cuidado y acatar todas las recomendaciones que desde el sector salud se vienen realizando.<\/p>\n","protected":false},"excerpt":{"rendered":"<p>Un llamado a la cordura. Los altos numeros de UCIS ocupadas, la gran cantidad de muertes, la velocidad de contagio y la escasez de ox\u00edgeno, son algunas de las razones. Este llamado lo hizo a todos los actores sociales y a aquellos que piensan participar en estas, para que obren en consecuencia del dif\u00edcil momento&#8230;<\/p>\n","protected":false},"author":1,"featured_media":155343,"comment_status":"open","ping_status":"open","sticky":false,"template":"","format":"standard","meta":[],"categories":[78,56],"tags":[],"jetpack_sharing_enabled":true,"jetpack_featured_media_url":"https:\/\/malamboradio.com\/web\/wp-content\/uploads\/2021\/04\/protestas.jpeg","_links":{"self":[{"href":"https:\/\/malamboradio.com\/web\/wp-json\/wp\/v2\/posts\/155341"}],"collection":[{"href":"https:\/\/malamboradio.com\/web\/wp-json\/wp\/v2\/posts"}],"about":[{"href":"https:\/\/malamboradio.com\/web\/wp-json\/wp\/v2\/types\/post"}],"author":[{"embeddable":true,"href":"https:\/\/malamboradio.com\/web\/wp-json\/wp\/v2\/users\/1"}],"replies":[{"embeddable":true,"href":"https:\/\/malamboradio.com\/web\/wp-json\/wp\/v2\/comments?post=155341"}],"version-history":[{"count":1,"href":"https:\/\/malamboradio.com\/web\/wp-json\/wp\/v2\/posts\/155341\/revisions"}],"predecessor-version":[{"id":155344,"href":"https:\/\/malamboradio.com\/web\/wp-json\/wp\/v2\/posts\/155341\/revisions\/155344"}],"wp:featuredmedia":[{"embeddable":true,"href":"https:\/\/malamboradio.com\/web\/wp-json\/wp\/v2\/media\/155343"}],"wp:attachment":[{"href":"https:\/\/malamboradio.com\/web\/wp-json\/wp\/v2\/media?parent=155341"}],"wp:term":[{"taxonomy":"category","embeddable":true,"href":"https:\/\/malamboradio.com\/web\/wp-json\/wp\/v2\/categories?post=155341"},{"taxonomy":"post_tag","embeddable":true,"href":"https:\/\/malamboradio.com\/web\/wp-json\/wp\/v2\/tags?post=155341"}],"curies":[{"name":"wp","href":"https:\/\/api.w.org\/{rel}","templated":true}]}}