{"id":155286,"date":"2021-04-26T01:28:36","date_gmt":"2021-04-26T01:28:36","guid":{"rendered":"https:\/\/malamboradio.com\/web\/?p=155286"},"modified":"2021-04-26T01:28:39","modified_gmt":"2021-04-26T01:28:39","slug":"gobernacion-de-bolivar-declara-alerta-roja-por-aumento-en-ocupacion-de-camas-en-uci","status":"publish","type":"post","link":"https:\/\/malamboradio.com\/web\/2021\/04\/26\/gobernacion-de-bolivar-declara-alerta-roja-por-aumento-en-ocupacion-de-camas-en-uci\/","title":{"rendered":"GOBERNACION DE BOLIVAR DECLARA ALERTA ROJA POR AUMENTO  EN  OCUPACION DE  CAMAS  EN  UCI."},"content":{"rendered":"\n<p class=\"has-text-align-justify\">En estos momentos la ocupaci\u00f3n de camas en UCI para el departamento se encuentra oscilante entre el 66-73%.<\/p>\n\n\n\n<p class=\"has-text-align-justify\">Teniendo en cuenta la situaci\u00f3n coyuntural por la que atraviesa el territorio en lo concerniente a la pandemia por la covid-19, las autoridades de salud del departamento en cabeza de la Secretar\u00eda Seccional de Salud, emiten informaci\u00f3n oficial. El prop\u00f3sito es alertar a los actores y a los entes de salud, acerca de la ocupaci\u00f3n con porcentaje mayor al 70% de camas hospitalarias en Unidades de Cuidados Intensivos del departamento.<\/p>\n\n\n\n<p class=\"has-text-align-justify\">En contexto, durante las \u00faltimas tres semanas el departamento ha mostrado un incremento en la ocupaci\u00f3n de camas en la Unidad de Cuidados Intensivos-(UCI), resaltando que el n\u00famero de atenciones de pacientes confirmados y sospechosos para COVID-19 presenta el mismo comportamiento.<\/p>\n\n\n\n<p class=\"has-text-align-justify\">Previendo que la alerta hospitalaria est\u00e1 relacionada con el porcentaje de ocupaci\u00f3n de estas unidades, se comparte la informaci\u00f3n, para tener en cuenta y las acciones que se deben tomar por la circunstancia actual.<\/p>\n\n\n\n<p class=\"has-text-align-justify\">En estos momentos la ocupaci\u00f3n de camas UCI para el departamento se encuentra oscilante entre el 66-73%, resaltando que para la ESE Hospital local Divina Misericordia Magangu\u00e9, la ocupaci\u00f3n es superior al 90%, y la red del distrito de Cartagena, donde se prev\u00e9 la atenci\u00f3n de la poblaci\u00f3n de los Zodes Norte, Dique y algunos m\u00e1s provenientes de la zona centro y ocasionalmente del sur del departamento, es superior al 70%, por todo esto se declara la alerta roja hospitalaria en toda la Red p\u00fablica y privada prestadora de servicios de salud del departamento y se exhorta a extremar las medidas preventivas, de autocuidado y la aplicaci\u00f3n de Pruebas Rastreo y Aislamiento Selectivo Sostenible-PRASS.<\/p>\n\n\n\n<p class=\"has-text-align-justify\">La alerta rige a partir de las 00 horas del d\u00eda 26 de abril del 2021 y ser\u00e1 modificada teniendo en cuenta el porcentaje de ocupaci\u00f3n y disponibilidad de camas en Unidad de Cuidados Intensivos.<\/p>\n\n\n\n<p class=\"has-text-align-justify\">A partir de este momento la Secretar\u00eda de Salud del Departamento de Bol\u00edvar a trav\u00e9s del Centro Regulador de Urgencias, Emergencias y Desastres\u2013 CRUE, asume el control de la oferta y disponibilidad de las unidades de Cuidado Intensivo e Intermedio, teniendo en cuenta las ocupaciones por encima del 70% y que la red alterna y de apoyo est\u00e1 colapsada.<\/p>\n","protected":false},"excerpt":{"rendered":"<p>En estos momentos la ocupaci\u00f3n de camas en UCI para el departamento se encuentra oscilante entre el 66-73%. Teniendo en cuenta la situaci\u00f3n coyuntural por la que atraviesa el territorio en lo concerniente a la pandemia por la covid-19, las autoridades de salud del departamento en cabeza de la Secretar\u00eda Seccional de Salud, emiten informaci\u00f3n&#8230;<\/p>\n","protected":false},"author":1,"featured_media":155287,"comment_status":"open","ping_status":"open","sticky":false,"template":"","format":"standard","meta":[],"categories":[82,56],"tags":[],"jetpack_sharing_enabled":true,"jetpack_featured_media_url":"https:\/\/malamboradio.com\/web\/wp-content\/uploads\/2021\/04\/covid-en-bolivar_4494589_20210425194708.jpg","_links":{"self":[{"href":"https:\/\/malamboradio.com\/web\/wp-json\/wp\/v2\/posts\/155286"}],"collection":[{"href":"https:\/\/malamboradio.com\/web\/wp-json\/wp\/v2\/posts"}],"about":[{"href":"https:\/\/malamboradio.com\/web\/wp-json\/wp\/v2\/types\/post"}],"author":[{"embeddable":true,"href":"https:\/\/malamboradio.com\/web\/wp-json\/wp\/v2\/users\/1"}],"replies":[{"embeddable":true,"href":"https:\/\/malamboradio.com\/web\/wp-json\/wp\/v2\/comments?post=155286"}],"version-history":[{"count":2,"href":"https:\/\/malamboradio.com\/web\/wp-json\/wp\/v2\/posts\/155286\/revisions"}],"predecessor-version":[{"id":155290,"href":"https:\/\/malamboradio.com\/web\/wp-json\/wp\/v2\/posts\/155286\/revisions\/155290"}],"wp:featuredmedia":[{"embeddable":true,"href":"https:\/\/malamboradio.com\/web\/wp-json\/wp\/v2\/media\/155287"}],"wp:attachment":[{"href":"https:\/\/malamboradio.com\/web\/wp-json\/wp\/v2\/media?parent=155286"}],"wp:term":[{"taxonomy":"category","embeddable":true,"href":"https:\/\/malamboradio.com\/web\/wp-json\/wp\/v2\/categories?post=155286"},{"taxonomy":"post_tag","embeddable":true,"href":"https:\/\/malamboradio.com\/web\/wp-json\/wp\/v2\/tags?post=155286"}],"curies":[{"name":"wp","href":"https:\/\/api.w.org\/{rel}","templated":true}]}}