{"id":155275,"date":"2021-04-25T17:54:03","date_gmt":"2021-04-25T17:54:03","guid":{"rendered":"https:\/\/malamboradio.com\/web\/?p=155275"},"modified":"2021-04-25T17:54:06","modified_gmt":"2021-04-25T17:54:06","slug":"nuevo-arzobispo-para-colombia-nombra-el-papa-francisco","status":"publish","type":"post","link":"https:\/\/malamboradio.com\/web\/2021\/04\/25\/nuevo-arzobispo-para-colombia-nombra-el-papa-francisco\/","title":{"rendered":"NUEVO ARZOBISPO PARA COLOMBIA NOMBRA EL PAPA FRANCISCO."},"content":{"rendered":"\n<p class=\"has-text-align-justify\"><em><strong>El pr\u00f3ximo 5 de junio ser\u00e1 la posesi\u00f3n can\u00f3nica.<\/strong><\/em><\/p>\n\n\n\n<p class=\"has-text-align-justify\">El Papa Francisco nombr\u00f3 en las \u00faltimas horas a Monse\u00f1or Jos\u00e9 Miguel G\u00f3mez Rodr\u00edguez como nuevo Arzobispo de Manizales.<\/p>\n\n\n\n<p class=\"has-text-align-justify\">Ingres\u00f3 al Seminario Mayor Nuestra Se\u00f1ora del Rosario de Manizales en donde curs\u00f3 Filosof\u00eda (1980-1982) y Teolog\u00eda (1983-1986).<br>Fue ordenado sacerdote el 2 de febrero de 1987, a los 25 a\u00f1os.<br>Obtuvo, en el Pontificio Instituto B\u00edblico de Roma (1988-1992), el t\u00edtulo de licenciado en Sagrada Escritura.<br>En el 2004 fue nombrado por Juan Pablo II como obispo de la Di\u00f3cesis de L\u00edbano \u2013 Honda y el 23 de febrero de 2015 fue designado como titular de la Di\u00f3cesis de Facatativ\u00e1 por el Papa Francisco.<\/p>\n\n\n\n<p class=\"has-text-align-justify\">Monse\u00f1or Jos\u00e9 Miguel G\u00f3mez Rodr\u00edguez ha ocupado varios cargos en el departamento de Caldas; Vicario Parroquial de la Inmaculada Concepci\u00f3n en Aguadas, Capell\u00e1n Universitario de la Arquidi\u00f3cesis de Manizales, P\u00e1rroco de Neira, P\u00e1rroco de la Inmaculada Concepci\u00f3n en Salamina y Vicario Episcopal de la Zona Norte de la Arquidi\u00f3cesis de la capital caldense.<\/p>\n\n\n\n<p class=\"has-text-align-justify\">\u00abMis primeras palabras son de gratitud a ustedes, a Dios nuestro se\u00f1or, al Papa Francisco y a todos los que tienen que ver con este retorno del hijo a su casa\u00bb, expres\u00f3 Monse\u00f1or G\u00f3mez, quien naci\u00f3 en Bogot\u00e1 y tiene 60 a\u00f1os de edad.<\/p>\n\n\n\n<p>Las palabras del Papa Francisco:<\/p>\n\n\n\n<p class=\"has-text-align-justify\">\u201cDamos gracias a Dios por este nombramiento y ponemos en sus manos esta nueva etapa de la Arquidi\u00f3cesis de Manizales, seguros de que Dios abrir\u00e1 nuestros corazones para que junto con nuestro nuevo Arzobispo podamos ser los ap\u00f3stoles de nuestro tiempo y podamos avanzar por el camino que Dios has preparado para la Arquidi\u00f3cesis de Manizales\u201d.<\/p>\n\n\n\n<p><\/p>\n","protected":false},"excerpt":{"rendered":"<p>El pr\u00f3ximo 5 de junio ser\u00e1 la posesi\u00f3n can\u00f3nica. El Papa Francisco nombr\u00f3 en las \u00faltimas horas a Monse\u00f1or Jos\u00e9 Miguel G\u00f3mez Rodr\u00edguez como nuevo Arzobispo de Manizales. Ingres\u00f3 al Seminario Mayor Nuestra Se\u00f1ora del Rosario de Manizales en donde curs\u00f3 Filosof\u00eda (1980-1982) y Teolog\u00eda (1983-1986).Fue ordenado sacerdote el 2 de febrero de 1987, a&#8230;<\/p>\n","protected":false},"author":1,"featured_media":155276,"comment_status":"open","ping_status":"open","sticky":false,"template":"","format":"standard","meta":[],"categories":[78,56],"tags":[],"jetpack_sharing_enabled":true,"jetpack_featured_media_url":"https:\/\/malamboradio.com\/web\/wp-content\/uploads\/2021\/04\/nuevo-arzobispor-de-Manizales.jpg","_links":{"self":[{"href":"https:\/\/malamboradio.com\/web\/wp-json\/wp\/v2\/posts\/155275"}],"collection":[{"href":"https:\/\/malamboradio.com\/web\/wp-json\/wp\/v2\/posts"}],"about":[{"href":"https:\/\/malamboradio.com\/web\/wp-json\/wp\/v2\/types\/post"}],"author":[{"embeddable":true,"href":"https:\/\/malamboradio.com\/web\/wp-json\/wp\/v2\/users\/1"}],"replies":[{"embeddable":true,"href":"https:\/\/malamboradio.com\/web\/wp-json\/wp\/v2\/comments?post=155275"}],"version-history":[{"count":1,"href":"https:\/\/malamboradio.com\/web\/wp-json\/wp\/v2\/posts\/155275\/revisions"}],"predecessor-version":[{"id":155277,"href":"https:\/\/malamboradio.com\/web\/wp-json\/wp\/v2\/posts\/155275\/revisions\/155277"}],"wp:featuredmedia":[{"embeddable":true,"href":"https:\/\/malamboradio.com\/web\/wp-json\/wp\/v2\/media\/155276"}],"wp:attachment":[{"href":"https:\/\/malamboradio.com\/web\/wp-json\/wp\/v2\/media?parent=155275"}],"wp:term":[{"taxonomy":"category","embeddable":true,"href":"https:\/\/malamboradio.com\/web\/wp-json\/wp\/v2\/categories?post=155275"},{"taxonomy":"post_tag","embeddable":true,"href":"https:\/\/malamboradio.com\/web\/wp-json\/wp\/v2\/tags?post=155275"}],"curies":[{"name":"wp","href":"https:\/\/api.w.org\/{rel}","templated":true}]}}