{"id":151799,"date":"2021-02-25T11:39:38","date_gmt":"2021-02-25T11:39:38","guid":{"rendered":"https:\/\/malamboradio.com\/web\/?p=151799"},"modified":"2021-02-25T11:39:42","modified_gmt":"2021-02-25T11:39:42","slug":"proyecto-del-canal-del-dique-seria-adjudicado-en-2021","status":"publish","type":"post","link":"https:\/\/malamboradio.com\/web\/2021\/02\/25\/proyecto-del-canal-del-dique-seria-adjudicado-en-2021\/","title":{"rendered":"Proyecto del Canal del Dique ser\u00eda adjudicado en 2021"},"content":{"rendered":"\n<p>El presidente Iv\u00e1n Duque anunci\u00f3 que la megaobra es considerada como la m\u00e1s importante de la d\u00e9cada en materia de adaptaci\u00f3n de cambio clim\u00e1tico.<\/p>\n\n\n\n<p>Desde hace muchos a\u00f1os, en la ciudad y el pa\u00eds se ha venido hablando del megaproyecto del canal del Dique. Una obra con la que se busca regular el ingreso de caudales a este canal de agua y mejorar de manera definitiva su navegabilidad entre la bah\u00eda de Cartagena y Calamar, en la ribera del r\u00edo Magdalena.<\/p>\n\n\n\n<p>Pese a ser una obra que traer\u00eda un aprovechamiento en todos los escenarios (econ\u00f3mico, ambiental y social), y la cual ha estado planeada durante hace mucho tiempo, no se ha podido ejecutar por problemas financieros. En el marco del Di\u00e1logo Social Compromiso por el Futuro de Colombia, realizado el s\u00e1bado en la ciudad, el presidente Iv\u00e1n Duque anunci\u00f3 que la megaobra, considerada como la m\u00e1s importante de la d\u00e9cada en materia de adaptaci\u00f3n de cambio clim\u00e1tico, ser\u00e1 adjudicada en el primer semestre del 2021.<\/p>\n\n\n\n<p>El anuncio<br>\u201cEl canal del Dique es una obra que va a transcender nuestro Gobierno y ustedes saben c\u00f3mo encontramos la obra. Es por ello que nos propusimos con la ministra \u00c1ngela Orozco a conseguir fuentes y encontrar el cierre financiero. Llamamos a Ecopetrol, a la ANI, al Distrito de Cartagena y a la Gobernaci\u00f3n de Bol\u00edvar, y logramos ya por lo menos cerrar esa brecha financiera (\u2026) Este proyecto en el plan de reactivaci\u00f3n lo vamos a dejar adjudicado y en funcionamiento para que sea una realidad en este Gobierno. Nuestra meta, y esto es importante, est\u00e1 para el primer semestre de 2021\u201d, fueron las palabras del presidente de la Rep\u00fablica. Este tambi\u00e9n confirm\u00f3 que \u201cel canal del Dique hace parte del plan de reactivaci\u00f3n econ\u00f3mica del pa\u00eds denominado \u2018Compromiso por Colombia\u2019\u201d.<\/p>\n\n\n\n<p>Sobre el objetivo de esta obra, el mandatario indic\u00f3 que facilitar\u00e1 la migraci\u00f3n de los peces a los diferentes cuerpos de agua que est\u00e1n conectados al canal. A su vez, ayudar\u00e1 a controlar las inundaciones en las poblaciones que est\u00e1n a las orillas de este cuerpo de agua y, por supuesto, garantizar\u00e1 que los acueductos de la regi\u00f3n puedan tener agua todos los d\u00edas.<\/p>\n\n\n\n<p>El presidente se\u00f1al\u00f3 que \u201cel proyecto del canal del Dique permitir\u00e1 la protecci\u00f3n de la reserva mar\u00edtima de Las Barbacoas, que es uno de los patrimonios m\u00e1s importantes que tiene el pa\u00eds para el mundo, es un proyecto emblem\u00e1tico que dejaremos en funcionamiento\u201d.<\/p>\n\n\n\n<p>Para junio, desde Presidencia, indicaron que abrieron el proceso de precalificaci\u00f3n para la megaobra del canal del Dique, la cual se ejecutar\u00eda a 4 a\u00f1os en los 117 kil\u00f3metros de recorrido del canal del Dique, y se har\u00e1 una concesi\u00f3n para su operaci\u00f3n, a 15 a\u00f1os.<\/p>\n","protected":false},"excerpt":{"rendered":"<p>El presidente Iv\u00e1n Duque anunci\u00f3 que la megaobra es considerada como la m\u00e1s importante de la d\u00e9cada en materia de adaptaci\u00f3n de cambio clim\u00e1tico. Desde hace muchos a\u00f1os, en la ciudad y el pa\u00eds se ha venido hablando del megaproyecto del canal del Dique. Una obra con la que se busca regular el ingreso de&#8230;<\/p>\n","protected":false},"author":1,"featured_media":151800,"comment_status":"open","ping_status":"open","sticky":false,"template":"","format":"standard","meta":[],"categories":[56],"tags":[],"jetpack_sharing_enabled":true,"jetpack_featured_media_url":"https:\/\/malamboradio.com\/web\/wp-content\/uploads\/2021\/02\/CANAL-DEL-DIQUE-DESDE-EL-PUENTE-CGENA-BARU.jpg","_links":{"self":[{"href":"https:\/\/malamboradio.com\/web\/wp-json\/wp\/v2\/posts\/151799"}],"collection":[{"href":"https:\/\/malamboradio.com\/web\/wp-json\/wp\/v2\/posts"}],"about":[{"href":"https:\/\/malamboradio.com\/web\/wp-json\/wp\/v2\/types\/post"}],"author":[{"embeddable":true,"href":"https:\/\/malamboradio.com\/web\/wp-json\/wp\/v2\/users\/1"}],"replies":[{"embeddable":true,"href":"https:\/\/malamboradio.com\/web\/wp-json\/wp\/v2\/comments?post=151799"}],"version-history":[{"count":1,"href":"https:\/\/malamboradio.com\/web\/wp-json\/wp\/v2\/posts\/151799\/revisions"}],"predecessor-version":[{"id":151801,"href":"https:\/\/malamboradio.com\/web\/wp-json\/wp\/v2\/posts\/151799\/revisions\/151801"}],"wp:featuredmedia":[{"embeddable":true,"href":"https:\/\/malamboradio.com\/web\/wp-json\/wp\/v2\/media\/151800"}],"wp:attachment":[{"href":"https:\/\/malamboradio.com\/web\/wp-json\/wp\/v2\/media?parent=151799"}],"wp:term":[{"taxonomy":"category","embeddable":true,"href":"https:\/\/malamboradio.com\/web\/wp-json\/wp\/v2\/categories?post=151799"},{"taxonomy":"post_tag","embeddable":true,"href":"https:\/\/malamboradio.com\/web\/wp-json\/wp\/v2\/tags?post=151799"}],"curies":[{"name":"wp","href":"https:\/\/api.w.org\/{rel}","templated":true}]}}