{"id":141126,"date":"2020-12-30T14:56:27","date_gmt":"2020-12-30T14:56:27","guid":{"rendered":"http:\/\/malamboradio.com\/web\/?p=141126"},"modified":"2020-12-30T14:56:33","modified_gmt":"2020-12-30T14:56:33","slug":"distrito-anuncia-que-para-el-2021-carrera-de-chiquinquira-tendra-atletas-internacionales","status":"publish","type":"post","link":"https:\/\/malamboradio.com\/web\/2020\/12\/30\/distrito-anuncia-que-para-el-2021-carrera-de-chiquinquira-tendra-atletas-internacionales\/","title":{"rendered":"Distrito anuncia que para el 2021 Carrera de Chiquinquir\u00e1 tendr\u00e1 atletas internacionales"},"content":{"rendered":"\n<p>Con el apoyo de la Alcald\u00eda Distrital de Barranquilla la tradicional carrera internacional San Silvestre \u2018Rafael Guzm\u00e1n\u2019 de Chiquinquir\u00e1 no solo se llevar\u00e1 a cabo del 31 de diciembre al 15 enero, sino que adem\u00e1s tendr\u00e1 la presencia de corredores internacionales para la edici\u00f3n del pr\u00f3ximo a\u00f1o.<\/p>\n\n\n\n<p>El evento deportivo, que llega a sus 50 a\u00f1os, este 2020 tendr\u00e1 la particularidad de ser de car\u00e1cter recreativo y con validaci\u00f3n de tiempos a trav\u00e9s de una aplicaci\u00f3n.<\/p>\n\n\n\n<p>Sin embargo, con miras a la celebraci\u00f3n de los 51 a\u00f1os, el secretario de Recreaci\u00f3n y Deportes, Gabriel Berdugo Pe\u00f1a, expres\u00f3 la idea de tener un evento altamente competitivo.<\/p>\n\n\n\n<p>\u201cEl otro a\u00f1o vamos a seguir trabajando para apoyar y conmemorar los 51 a\u00f1os de esta brillante carrera, que es patrimonio deportivo de nuestra ciudad. Esperamos traer atletas de diferentes pa\u00edses y que la gente siga disfrutando de esta carrera, que por muchos a\u00f1os ha sido una de las m\u00e1s importantes del pa\u00eds y la mejor de la ciudad\u201d, dijo.<\/p>\n\n\n\n<p>Para la edici\u00f3n 2021 el objetivo es fortalecer la carrera con un respaldo institucional del Distrito que permita hacerla crecer en aspectos organizativos y deportivos.<\/p>\n\n\n\n<p>\u201cQueremos comenzar desde junio a trabajar en su organizaci\u00f3n para que tengamos una carrera a la altura de nuestra ciudad y de la tradici\u00f3n de tantas d\u00e9cadas promoviendo el deporte\u201d, a\u00f1adi\u00f3 Berdugo Pe\u00f1a.<\/p>\n\n\n\n<p>Por su parte, Marlene Ospina, organizadora de la carrera, agradeci\u00f3 el apoyo de la Alcald\u00eda y expres\u00f3 que se trata de una competencia que ya es un patrimonio de la ciudad.<\/p>\n\n\n\n<p>\u201cAgradecemos el aporte de la Secretar\u00eda de Deportes a la carrera. Es un evento de Barranquilla, es una imagen que mostramos al pa\u00eds y al exterior. Y esto se logra con el apoyo de todos. En 2021 vamos a traer atletas internacionales. Y lo que queremos es llevarla al nivel en el que realmente debe estar porque ser\u00e1 una carrera de 51 a\u00f1os\u201d, cerr\u00f3.<\/p>\n","protected":false},"excerpt":{"rendered":"<p>Con el apoyo de la Alcald\u00eda Distrital de Barranquilla la tradicional carrera internacional San Silvestre \u2018Rafael Guzm\u00e1n\u2019 de Chiquinquir\u00e1 no solo se llevar\u00e1 a cabo del 31 de diciembre al 15 enero, sino que adem\u00e1s tendr\u00e1 la presencia de corredores internacionales para la edici\u00f3n del pr\u00f3ximo a\u00f1o. El evento deportivo, que llega a sus 50&#8230;<\/p>\n","protected":false},"author":1,"featured_media":141127,"comment_status":"open","ping_status":"open","sticky":false,"template":"","format":"standard","meta":[],"categories":[56],"tags":[],"jetpack_sharing_enabled":true,"jetpack_featured_media_url":"https:\/\/malamboradio.com\/web\/wp-content\/uploads\/2020\/12\/carrera_de_chiquinquira.jpg","_links":{"self":[{"href":"https:\/\/malamboradio.com\/web\/wp-json\/wp\/v2\/posts\/141126"}],"collection":[{"href":"https:\/\/malamboradio.com\/web\/wp-json\/wp\/v2\/posts"}],"about":[{"href":"https:\/\/malamboradio.com\/web\/wp-json\/wp\/v2\/types\/post"}],"author":[{"embeddable":true,"href":"https:\/\/malamboradio.com\/web\/wp-json\/wp\/v2\/users\/1"}],"replies":[{"embeddable":true,"href":"https:\/\/malamboradio.com\/web\/wp-json\/wp\/v2\/comments?post=141126"}],"version-history":[{"count":1,"href":"https:\/\/malamboradio.com\/web\/wp-json\/wp\/v2\/posts\/141126\/revisions"}],"predecessor-version":[{"id":141128,"href":"https:\/\/malamboradio.com\/web\/wp-json\/wp\/v2\/posts\/141126\/revisions\/141128"}],"wp:featuredmedia":[{"embeddable":true,"href":"https:\/\/malamboradio.com\/web\/wp-json\/wp\/v2\/media\/141127"}],"wp:attachment":[{"href":"https:\/\/malamboradio.com\/web\/wp-json\/wp\/v2\/media?parent=141126"}],"wp:term":[{"taxonomy":"category","embeddable":true,"href":"https:\/\/malamboradio.com\/web\/wp-json\/wp\/v2\/categories?post=141126"},{"taxonomy":"post_tag","embeddable":true,"href":"https:\/\/malamboradio.com\/web\/wp-json\/wp\/v2\/tags?post=141126"}],"curies":[{"name":"wp","href":"https:\/\/api.w.org\/{rel}","templated":true}]}}